{"id":870,"date":"2022-05-10T12:53:19","date_gmt":"2022-05-10T10:53:19","guid":{"rendered":"https:\/\/schwabenhilfe.de\/kinder\/?p=870"},"modified":"2022-06-28T15:58:32","modified_gmt":"2022-06-28T13:58:32","slug":"online-jugendbefragung-durch-die-stadt-augsbur","status":"publish","type":"post","link":"https:\/\/schwabenhilfe.de\/kinder\/online-jugendbefragung-durch-die-stadt-augsbur\/","title":{"rendered":"Online Jugendbefragung durch die Stadt Augsburg"},"content":{"rendered":"\n<p>Zum Zwecke der Jugendhilfeplanung nach \u00a7 80 SGBVIII m\u00f6chte das Amt f\u00fcr Kinder, Jugend und Familie (AKJF) der Stadt Augsburg eine gesamtst\u00e4dtische Befragung junger Menschen im Alter von 6 bis 26 Jahren zur Ermittlung ihrer W\u00fcnsche, Bed\u00fcrfnisse und Interessen durchf\u00fchren. Diese Befragung ist anonym und freiwillig. Erhoben und technisch ausgewertet werden die Daten durch das AKJF, Fachstelle Jugendhilfeplanung. Die Erstellung der Befragung wurde im Rahmen der Facharbeitsgemeinschaft \u201eJugendarbeit, Jugendsozialarbeit, Kinder- und Jugendschutz, Jugendhilfe im Strafverfahren (\u00a7\u00a7 11 \u2013 14, 52 SGBVIII)\u201c der AG nach \u00a7 78 SGBVIII im Vorfeld fachlich durch freie Tr\u00e4ger der Kinder- und Jugendhilfe unterst\u00fctzt. <\/p>\n","protected":false},"excerpt":{"rendered":"<p>Zum Zwecke der Jugendhilfeplanung nach \u00a7 80 SGBVIII m\u00f6chte das Amt f\u00fcr Kinder, Jugend und Familie (AKJF) der Stadt Augsburg eine gesamtst\u00e4dtische Befragung junger Menschen im Alter von 6 bis [&hellip;]<\/p>\n","protected":false},"author":2,"featured_media":928,"comment_status":"closed","ping_status":"closed","sticky":false,"template":"","format":"standard","meta":{"footnotes":""},"categories":[1],"tags":[],"class_list":["post-870","post","type-post","status-publish","format-standard","has-post-thumbnail","hentry","category-allgemein"],"_links":{"self":[{"href":"https:\/\/schwabenhilfe.de\/kinder\/wp-json\/wp\/v2\/posts\/870","targetHints":{"allow":["GET"]}}],"collection":[{"href":"https:\/\/schwabenhilfe.de\/kinder\/wp-json\/wp\/v2\/posts"}],"about":[{"href":"https:\/\/schwabenhilfe.de\/kinder\/wp-json\/wp\/v2\/types\/post"}],"author":[{"embeddable":true,"href":"https:\/\/schwabenhilfe.de\/kinder\/wp-json\/wp\/v2\/users\/2"}],"replies":[{"embeddable":true,"href":"https:\/\/schwabenhilfe.de\/kinder\/wp-json\/wp\/v2\/comments?post=870"}],"version-history":[{"count":2,"href":"https:\/\/schwabenhilfe.de\/kinder\/wp-json\/wp\/v2\/posts\/870\/revisions"}],"predecessor-version":[{"id":929,"href":"https:\/\/schwabenhilfe.de\/kinder\/wp-json\/wp\/v2\/posts\/870\/revisions\/929"}],"wp:featuredmedia":[{"embeddable":true,"href":"https:\/\/schwabenhilfe.de\/kinder\/wp-json\/wp\/v2\/media\/928"}],"wp:attachment":[{"href":"https:\/\/schwabenhilfe.de\/kinder\/wp-json\/wp\/v2\/media?parent=870"}],"wp:term":[{"taxonomy":"category","embeddable":true,"href":"https:\/\/schwabenhilfe.de\/kinder\/wp-json\/wp\/v2\/categories?post=870"},{"taxonomy":"post_tag","embeddable":true,"href":"https:\/\/schwabenhilfe.de\/kinder\/wp-json\/wp\/v2\/tags?post=870"}],"curies":[{"name":"wp","href":"https:\/\/api.w.org\/{rel}","templated":true}]}}