{"id":754,"date":"2022-03-03T08:07:35","date_gmt":"2022-03-03T07:07:35","guid":{"rendered":"https:\/\/schwabenhilfe.de\/kinder\/?p=754"},"modified":"2022-03-03T08:16:52","modified_gmt":"2022-03-03T07:16:52","slug":"sve-kaufbeuren","status":"publish","type":"post","link":"https:\/\/schwabenhilfe.de\/kinder\/sve-kaufbeuren\/","title":{"rendered":"SVE Kaufbeuren"},"content":{"rendered":"\n<figure class=\"wp-block-gallery has-nested-images columns-default is-cropped wp-block-gallery-1 is-layout-flex wp-block-gallery-is-layout-flex\"><\/figure>\n\n\n\n<p><span style=\"text-decoration: underline\" class=\"underline\"><strong>Wir lernen V\u00f6gel kennen<\/strong><\/span><\/p>\n\n\n\n<p>Was ist das eigentlich f\u00fcr ein Vogel?&#8220;<\/p>\n\n\n\n<p>Mit dieser Frage eines Kindes hat unser Projekt &#8222;heimische V\u00f6gel&#8220; in der SVE Neugablonz begonnen. Zuerst wurden B\u00fccher herausgesucht, um genaueres \u00fcber die V\u00f6gel vor unserem Fenster herauszufinden. Jeden Tag hat uns ein neuer Vogel im Morgenkreis besucht. Hier fanden wir heraus, wie er hei\u00dft, was er gerne frisst und was ihn besonders macht. Jeder Vogel brachte seine eigene \u00dcbung f\u00fcr die Kinder mit. F\u00fcr das Rotkehlchen haben wir zum Beispiel viele Rote Dinge im Gruppenraum gesucht und benannt. Auch auf Arbeitsbl\u00e4ttern haben wir entsprechende V\u00f6gel eingekreist und dabei genau darauf geachtet, dass der Stift richtig gut in der Hand liegt. Als immer wieder Schnee fiel, musste nat\u00fcrlich Futter f\u00fcr die V\u00f6gel her, also haben die Kinder flei\u00dfig Meisenkn\u00f6del geformt und anschlie\u00dfend rund um die SVE aufgeh\u00e4ngt. Beim Betrachten des Futters fiel einem Kind etwas auf..<\/p>\n\n\n\n<p>&#8222;Hey, das sieht doch aus wie die K\u00f6rner auf unserem Brot.&#8220; Da wir den V\u00f6geln das Futter nicht klauen wollten, haben wir &#8222;Kinder-Vogel-Futter&#8220; gemischt und jeder durfte auf seinem Platz seine Lieblingsk\u00f6rner und Beeren &#8222;aufpicken&#8220;. Hier haben wir gleich noch ein paar Mundmotorik-\u00dcbungen eingebaut, so hat das \u00dcben gleich doppelt Spa\u00df gemacht!<\/p>\n\n\n\n<p><\/p>\n\n\n\n<p><\/p>\n\n\n\n<figure class=\"wp-block-gallery has-nested-images columns-default is-cropped wp-block-gallery-2 is-layout-flex wp-block-gallery-is-layout-flex\"><\/figure>\n\n\n\n<p><\/p>\n\n\n\n<figure class=\"wp-block-gallery has-nested-images columns-default is-cropped wp-block-gallery-3 is-layout-flex wp-block-gallery-is-layout-flex\"><\/figure>\n\n\n\n<p><\/p>\n","protected":false},"excerpt":{"rendered":"<p>Wir lernen V\u00f6gel kennen Was ist das eigentlich f\u00fcr ein Vogel?&#8220; Mit dieser Frage eines Kindes hat unser Projekt &#8222;heimische V\u00f6gel&#8220; in der SVE Neugablonz begonnen. Zuerst wurden B\u00fccher herausgesucht, [&hellip;]<\/p>\n","protected":false},"author":2,"featured_media":814,"comment_status":"closed","ping_status":"closed","sticky":false,"template":"","format":"standard","meta":{"footnotes":""},"categories":[1],"tags":[],"class_list":["post-754","post","type-post","status-publish","format-standard","has-post-thumbnail","hentry","category-allgemein"],"_links":{"self":[{"href":"https:\/\/schwabenhilfe.de\/kinder\/wp-json\/wp\/v2\/posts\/754","targetHints":{"allow":["GET"]}}],"collection":[{"href":"https:\/\/schwabenhilfe.de\/kinder\/wp-json\/wp\/v2\/posts"}],"about":[{"href":"https:\/\/schwabenhilfe.de\/kinder\/wp-json\/wp\/v2\/types\/post"}],"author":[{"embeddable":true,"href":"https:\/\/schwabenhilfe.de\/kinder\/wp-json\/wp\/v2\/users\/2"}],"replies":[{"embeddable":true,"href":"https:\/\/schwabenhilfe.de\/kinder\/wp-json\/wp\/v2\/comments?post=754"}],"version-history":[{"count":11,"href":"https:\/\/schwabenhilfe.de\/kinder\/wp-json\/wp\/v2\/posts\/754\/revisions"}],"predecessor-version":[{"id":818,"href":"https:\/\/schwabenhilfe.de\/kinder\/wp-json\/wp\/v2\/posts\/754\/revisions\/818"}],"wp:featuredmedia":[{"embeddable":true,"href":"https:\/\/schwabenhilfe.de\/kinder\/wp-json\/wp\/v2\/media\/814"}],"wp:attachment":[{"href":"https:\/\/schwabenhilfe.de\/kinder\/wp-json\/wp\/v2\/media?parent=754"}],"wp:term":[{"taxonomy":"category","embeddable":true,"href":"https:\/\/schwabenhilfe.de\/kinder\/wp-json\/wp\/v2\/categories?post=754"},{"taxonomy":"post_tag","embeddable":true,"href":"https:\/\/schwabenhilfe.de\/kinder\/wp-json\/wp\/v2\/tags?post=754"}],"curies":[{"name":"wp","href":"https:\/\/api.w.org\/{rel}","templated":true}]}}