{"id":542,"date":"2021-12-08T12:55:41","date_gmt":"2021-12-08T11:55:41","guid":{"rendered":"https:\/\/schwabenhilfe.de\/kinder\/?p=542"},"modified":"2021-12-08T14:52:17","modified_gmt":"2021-12-08T13:52:17","slug":"wir-wuenschen-allen-eine-besinnliche-advendszeit","status":"publish","type":"post","link":"https:\/\/schwabenhilfe.de\/kinder\/wir-wuenschen-allen-eine-besinnliche-advendszeit\/","title":{"rendered":"Wir w\u00fcnschen allen eine besinnliche Adventszeit"},"content":{"rendered":"\n<p><\/p>\n\n\n\n<p><\/p>\n\n\n\n<p>Kinder sind nicht nur flei\u00dfig, sondern auch kreativ! Malen, kleben, schneiden: Viele Kinder lieben Basteln. Und das gilt nat\u00fcrlich auch f\u00fcr unsere SVE-Kinder &#8211; gerade jetzt in der Vorweihnachtszeit.<\/p>\n\n\n\n<p> Der Kreativit\u00e4t sind dabei keine Grenzen gesetzt.<\/p>\n\n\n\n<p><span style=\"color:#ffffff\" class=\"tadv-color\">Platzhalter<\/span><\/p>\n\n\n\n<p><span style=\"color:#ffffff\" class=\"tadv-color\"><span style=\"background-color:#ffffff\" class=\"tadv-background-color\">Hier steht ein Platzhalter<\/span><\/span><\/p>\n\n\n\n<p><span style=\"color:#ffffff\" class=\"tadv-color\"><span style=\"background-color:#ffffff\" class=\"tadv-background-color\">Auch hier steht ein Platzhalter<\/span><\/span><\/p>\n","protected":false},"excerpt":{"rendered":"<p>Kinder sind nicht nur flei\u00dfig, sondern auch kreativ! Malen, kleben, schneiden: Viele Kinder lieben Basteln. Und das gilt nat\u00fcrlich auch f\u00fcr unsere SVE-Kinder &#8211; gerade jetzt in der Vorweihnachtszeit. Der [&hellip;]<\/p>\n","protected":false},"author":2,"featured_media":543,"comment_status":"closed","ping_status":"closed","sticky":false,"template":"","format":"standard","meta":{"footnotes":""},"categories":[1],"tags":[],"class_list":["post-542","post","type-post","status-publish","format-standard","has-post-thumbnail","hentry","category-allgemein"],"_links":{"self":[{"href":"https:\/\/schwabenhilfe.de\/kinder\/wp-json\/wp\/v2\/posts\/542","targetHints":{"allow":["GET"]}}],"collection":[{"href":"https:\/\/schwabenhilfe.de\/kinder\/wp-json\/wp\/v2\/posts"}],"about":[{"href":"https:\/\/schwabenhilfe.de\/kinder\/wp-json\/wp\/v2\/types\/post"}],"author":[{"embeddable":true,"href":"https:\/\/schwabenhilfe.de\/kinder\/wp-json\/wp\/v2\/users\/2"}],"replies":[{"embeddable":true,"href":"https:\/\/schwabenhilfe.de\/kinder\/wp-json\/wp\/v2\/comments?post=542"}],"version-history":[{"count":15,"href":"https:\/\/schwabenhilfe.de\/kinder\/wp-json\/wp\/v2\/posts\/542\/revisions"}],"predecessor-version":[{"id":628,"href":"https:\/\/schwabenhilfe.de\/kinder\/wp-json\/wp\/v2\/posts\/542\/revisions\/628"}],"wp:featuredmedia":[{"embeddable":true,"href":"https:\/\/schwabenhilfe.de\/kinder\/wp-json\/wp\/v2\/media\/543"}],"wp:attachment":[{"href":"https:\/\/schwabenhilfe.de\/kinder\/wp-json\/wp\/v2\/media?parent=542"}],"wp:term":[{"taxonomy":"category","embeddable":true,"href":"https:\/\/schwabenhilfe.de\/kinder\/wp-json\/wp\/v2\/categories?post=542"},{"taxonomy":"post_tag","embeddable":true,"href":"https:\/\/schwabenhilfe.de\/kinder\/wp-json\/wp\/v2\/tags?post=542"}],"curies":[{"name":"wp","href":"https:\/\/api.w.org\/{rel}","templated":true}]}}