{"id":512,"date":"2021-10-29T08:56:04","date_gmt":"2021-10-29T06:56:04","guid":{"rendered":"https:\/\/schwabenhilfe.de\/kinder\/?p=512"},"modified":"2021-10-29T08:59:55","modified_gmt":"2021-10-29T06:59:55","slug":"steigende-uebertrittsquote-trotz-aussergewoehnlichen-bedingungen","status":"publish","type":"post","link":"https:\/\/schwabenhilfe.de\/kinder\/steigende-uebertrittsquote-trotz-aussergewoehnlichen-bedingungen\/","title":{"rendered":"Steigende \u00dcbertrittsquote trotz au\u00dfergew\u00f6hnlichen Bedingungen"},"content":{"rendered":"\n<p>Das Schuljahr 2020\/2021 bleibt uns wohl alle lange in Erinnerung. Die Corona-Pandemie hat den Tagesablauf von allen auf den Kopf gestellt.<\/p>\n\n\n\n<p>Dennoch: Dank individueller, auf das Kind zugeschnittener F\u00f6rderma\u00dfnahmen, konnte die \u00dcbertrittsquote der SVE-Kinder in die Regelschule leicht gesteigert werden.<\/p>\n\n\n\n<p>Hierf\u00fcr auch ein Dankesch\u00f6n an alle unserer \u00fcber 200 Fachkr\u00e4fte, die in ganz Schwaben einen wichtigen Beitrag leisten. M\u00f6chtest auch du ein Teil unseres Teams werden? Dann schau doch mal auf die aktuellen <a href=\"https:\/\/schwabenhilfe.de\/kinder\/stellenangebote\/\">Stellenanzeigen<\/a>.<\/p>\n\n\n\n<figure class=\"wp-block-image size-full is-style-default\"><img loading=\"lazy\" decoding=\"async\" width=\"627\" height=\"402\" src=\"https:\/\/schwabenhilfe.de\/kinder\/sh-data\/uploads\/Balkendiagramm_Jahresvergleich-1.png\" alt=\"\" class=\"wp-image-520\"\/><\/figure>\n\n\n\n<p><\/p>\n","protected":false},"excerpt":{"rendered":"<p>Das Schuljahr 2020\/2021 bleibt uns wohl alle lange in Erinnerung. Die Corona-Pandemie hat den Tagesablauf von allen auf den Kopf gestellt. Dennoch: Dank individueller, auf das Kind zugeschnittener F\u00f6rderma\u00dfnahmen, konnte [&hellip;]<\/p>\n","protected":false},"author":2,"featured_media":519,"comment_status":"closed","ping_status":"closed","sticky":false,"template":"","format":"standard","meta":{"footnotes":""},"categories":[1],"tags":[],"class_list":["post-512","post","type-post","status-publish","format-standard","has-post-thumbnail","hentry","category-allgemein"],"_links":{"self":[{"href":"https:\/\/schwabenhilfe.de\/kinder\/wp-json\/wp\/v2\/posts\/512","targetHints":{"allow":["GET"]}}],"collection":[{"href":"https:\/\/schwabenhilfe.de\/kinder\/wp-json\/wp\/v2\/posts"}],"about":[{"href":"https:\/\/schwabenhilfe.de\/kinder\/wp-json\/wp\/v2\/types\/post"}],"author":[{"embeddable":true,"href":"https:\/\/schwabenhilfe.de\/kinder\/wp-json\/wp\/v2\/users\/2"}],"replies":[{"embeddable":true,"href":"https:\/\/schwabenhilfe.de\/kinder\/wp-json\/wp\/v2\/comments?post=512"}],"version-history":[{"count":6,"href":"https:\/\/schwabenhilfe.de\/kinder\/wp-json\/wp\/v2\/posts\/512\/revisions"}],"predecessor-version":[{"id":1038,"href":"https:\/\/schwabenhilfe.de\/kinder\/wp-json\/wp\/v2\/posts\/512\/revisions\/1038"}],"wp:featuredmedia":[{"embeddable":true,"href":"https:\/\/schwabenhilfe.de\/kinder\/wp-json\/wp\/v2\/media\/519"}],"wp:attachment":[{"href":"https:\/\/schwabenhilfe.de\/kinder\/wp-json\/wp\/v2\/media?parent=512"}],"wp:term":[{"taxonomy":"category","embeddable":true,"href":"https:\/\/schwabenhilfe.de\/kinder\/wp-json\/wp\/v2\/categories?post=512"},{"taxonomy":"post_tag","embeddable":true,"href":"https:\/\/schwabenhilfe.de\/kinder\/wp-json\/wp\/v2\/tags?post=512"}],"curies":[{"name":"wp","href":"https:\/\/api.w.org\/{rel}","templated":true}]}}