{"id":433,"date":"2021-07-08T14:41:09","date_gmt":"2021-07-08T12:41:09","guid":{"rendered":"https:\/\/schwabenhilfe.de\/kinder\/?p=433"},"modified":"2021-07-08T14:41:10","modified_gmt":"2021-07-08T12:41:10","slug":"was-kommt-nach-der-sve","status":"publish","type":"post","link":"https:\/\/schwabenhilfe.de\/kinder\/was-kommt-nach-der-sve\/","title":{"rendered":"Was kommt nach der SVE?"},"content":{"rendered":"\n<p>Bei einigen Eltern besteht anf\u00e4nglich die Skepsis darin, ob der Weg \u00fcber die SVE zur Einschulung \u00fcberhaupt erfolgreich sein wird bzw. der Richtige ist.<\/p>\n\n\n\n<p>Durch unsere kleine Gruppenst\u00e4rke von 10-12 Kinder je Gruppe sowie durch ausgebildetes Fachpersonal kann eine auf das Kind zugeschnittene F\u00f6rderung sehr effektiv gelebt werden. Nach dem Motto &#8222;St\u00e4rken st\u00e4rken, Schw\u00e4chen schw\u00e4chen&#8220; gelingt es durchschnittlich 2 von 3 Kindern nach ihrer SVE-Zeit die Regelschule erfolgreich zu besuchen. F\u00fcr die anderen Kinder wird eine weitergehende F\u00f6rderung mit den Eltern abgestimmt.<\/p>\n\n\n\n<figure class=\"wp-block-image size-large\"><img loading=\"lazy\" decoding=\"async\" width=\"691\" height=\"412\" src=\"https:\/\/schwabenhilfe.de\/kinder\/sh-data\/uploads\/Uebertrittsquote-1.png\" alt=\"\" class=\"wp-image-434\"\/><\/figure>\n\n\n\n<p><\/p>\n","protected":false},"excerpt":{"rendered":"<p>Bei einigen Eltern besteht anf\u00e4nglich die Skepsis darin, ob der Weg \u00fcber die SVE zur Einschulung \u00fcberhaupt erfolgreich sein wird bzw. der Richtige ist. Durch unsere kleine Gruppenst\u00e4rke von 10-12 [&hellip;]<\/p>\n","protected":false},"author":2,"featured_media":355,"comment_status":"closed","ping_status":"closed","sticky":false,"template":"","format":"standard","meta":{"footnotes":""},"categories":[1],"tags":[],"class_list":["post-433","post","type-post","status-publish","format-standard","has-post-thumbnail","hentry","category-allgemein"],"_links":{"self":[{"href":"https:\/\/schwabenhilfe.de\/kinder\/wp-json\/wp\/v2\/posts\/433","targetHints":{"allow":["GET"]}}],"collection":[{"href":"https:\/\/schwabenhilfe.de\/kinder\/wp-json\/wp\/v2\/posts"}],"about":[{"href":"https:\/\/schwabenhilfe.de\/kinder\/wp-json\/wp\/v2\/types\/post"}],"author":[{"embeddable":true,"href":"https:\/\/schwabenhilfe.de\/kinder\/wp-json\/wp\/v2\/users\/2"}],"replies":[{"embeddable":true,"href":"https:\/\/schwabenhilfe.de\/kinder\/wp-json\/wp\/v2\/comments?post=433"}],"version-history":[{"count":3,"href":"https:\/\/schwabenhilfe.de\/kinder\/wp-json\/wp\/v2\/posts\/433\/revisions"}],"predecessor-version":[{"id":466,"href":"https:\/\/schwabenhilfe.de\/kinder\/wp-json\/wp\/v2\/posts\/433\/revisions\/466"}],"wp:featuredmedia":[{"embeddable":true,"href":"https:\/\/schwabenhilfe.de\/kinder\/wp-json\/wp\/v2\/media\/355"}],"wp:attachment":[{"href":"https:\/\/schwabenhilfe.de\/kinder\/wp-json\/wp\/v2\/media?parent=433"}],"wp:term":[{"taxonomy":"category","embeddable":true,"href":"https:\/\/schwabenhilfe.de\/kinder\/wp-json\/wp\/v2\/categories?post=433"},{"taxonomy":"post_tag","embeddable":true,"href":"https:\/\/schwabenhilfe.de\/kinder\/wp-json\/wp\/v2\/tags?post=433"}],"curies":[{"name":"wp","href":"https:\/\/api.w.org\/{rel}","templated":true}]}}