{"id":2295,"date":"2026-03-25T15:44:16","date_gmt":"2026-03-25T14:44:16","guid":{"rendered":"https:\/\/schwabenhilfe.de\/kinder\/?p=2295"},"modified":"2026-03-24T15:44:44","modified_gmt":"2026-03-24T14:44:44","slug":"das-kleine-wir-sve-neu-ulm","status":"publish","type":"post","link":"https:\/\/schwabenhilfe.de\/kinder\/das-kleine-wir-sve-neu-ulm\/","title":{"rendered":"Das kleine &#8222;Wir&#8220; &#8211; SVE Neu-Ulm"},"content":{"rendered":"\n<p><strong>Das kleine WIR: Wie aus einem \u201eDu und Ich\u201c ein echtes Team wird<\/strong><\/p>\n\n\n\n<figure class=\"wp-block-image size-large\"><img loading=\"lazy\" decoding=\"async\" width=\"1500\" height=\"2000\" src=\"https:\/\/schwabenhilfe.de\/kinder\/sh-data\/uploads\/Wir-original-9D04A82C-2533-4B9E-8B79-99B56F80D0BD-1500x2000.jpeg\" alt=\"\" class=\"wp-image-2301\" srcset=\"https:\/\/schwabenhilfe.de\/kinder\/sh-data\/uploads\/Wir-original-9D04A82C-2533-4B9E-8B79-99B56F80D0BD-1500x2000.jpeg 1500w, https:\/\/schwabenhilfe.de\/kinder\/sh-data\/uploads\/Wir-original-9D04A82C-2533-4B9E-8B79-99B56F80D0BD-750x1000.jpeg 750w, https:\/\/schwabenhilfe.de\/kinder\/sh-data\/uploads\/Wir-original-9D04A82C-2533-4B9E-8B79-99B56F80D0BD-768x1024.jpeg 768w, https:\/\/schwabenhilfe.de\/kinder\/sh-data\/uploads\/Wir-original-9D04A82C-2533-4B9E-8B79-99B56F80D0BD-1152x1536.jpeg 1152w, https:\/\/schwabenhilfe.de\/kinder\/sh-data\/uploads\/Wir-original-9D04A82C-2533-4B9E-8B79-99B56F80D0BD.jpeg 1536w\" sizes=\"auto, (max-width: 1500px) 100vw, 1500px\" \/><\/figure>\n\n\n\n<p>In unserer p\u00e4dagogischen Arbeit stolpern wir immer wieder \u00fcber eine ganz zentrale Frage: Wie erkl\u00e4ren wir Kindern eigentlich, was Gemeinschaft bedeutet? Gef\u00fchle sind oft abstrakt, doch dank Daniela Kunkels Buch <strong>\u201eDas kleine WIR\u201c<\/strong> haben wir jetzt einen flauschigen Verb\u00fcndeten in der Gruppe.<\/p>\n\n\n\n<p><strong>Wer ist eigentlich dieses WIR?<\/strong><\/p>\n\n\n\n<p>Das WIR ist ein kleines, gr\u00fcnes Wesen mit Herzchen an den F\u00fc\u00dfen. Es ist kein Monster, sondern eine Metapher f\u00fcr alles, was uns verbindet. Es wohnt dort, wo Menschen sich m\u00f6gen, gemeinsam lachen und f\u00fcreinander da sind.<\/p>\n\n\n\n<p><strong>Wenn das WIR die Farbe verliert<\/strong><\/p>\n\n\n\n<p>Das Besondere an dieser Geschichte ist, dass sie auch die schwierigen Momente nicht ausklammert. Die Kinder lernen:<\/p>\n\n\n\n<ul class=\"wp-block-list\">\n<li><strong>Worte haben Macht:<\/strong> Durch Streit und b\u00f6se Worte wird das WIR pl\u00f6tzlich ganz klein, grau und schwach. Es versteckt sich, wenn wir uns nicht mehr gut verstehen.<\/li>\n\n\n\n<li><strong>Gef\u00fchle sichtbar machen:<\/strong> Das Bild des schrumpfenden WIR hilft Kindern enorm dabei, zu verstehen, warum sie sich nach einem Streit so \u201eleer\u201c oder traurig f\u00fchlen.<\/li>\n<\/ul>\n\n\n\n<figure class=\"wp-block-image size-full\"><img loading=\"lazy\" decoding=\"async\" width=\"1080\" height=\"1350\" src=\"https:\/\/schwabenhilfe.de\/kinder\/sh-data\/uploads\/SVE-Neu-Ulm-Kleins-Wir-gemalt.jpg\" alt=\"\" class=\"wp-image-2302\" srcset=\"https:\/\/schwabenhilfe.de\/kinder\/sh-data\/uploads\/SVE-Neu-Ulm-Kleins-Wir-gemalt.jpg 1080w, https:\/\/schwabenhilfe.de\/kinder\/sh-data\/uploads\/SVE-Neu-Ulm-Kleins-Wir-gemalt-800x1000.jpg 800w, https:\/\/schwabenhilfe.de\/kinder\/sh-data\/uploads\/SVE-Neu-Ulm-Kleins-Wir-gemalt-768x960.jpg 768w\" sizes=\"auto, (max-width: 1080px) 100vw, 1080px\" \/><\/figure>\n\n\n\n<p><strong>Die Kunst der Vers\u00f6hnung<\/strong><\/p>\n\n\n\n<p>Das Buch zeigt auf ber\u00fchrende Weise, dass man ein WIR nicht einfach im Laden kaufen kann. Man muss es pflegen! Durch kleine Gesten, ein ehrliches \u201eEntschuldigung\u201c und gegenseitiges Zuh\u00f6ren locken wir das WIR wieder aus seinem Versteck, bis es wieder gro\u00df, stark und leuchtend gr\u00fcn ist.<\/p>\n\n\n\n<p>\u201eDas kleine WIR\u201c ist f\u00fcr uns mehr als nur eine Vorlesegeschichte. Es ist ein t\u00e4glicher Begleiter geworden, der uns hilft, Empathie und Konfliktl\u00f6sung spielerisch zu \u00fcben. Denn am Ende wissen wir alle: Zusammen ist man weniger allein!<\/p>\n\n\n\n<figure class=\"wp-block-gallery has-nested-images columns-default is-cropped wp-block-gallery-1 is-layout-flex wp-block-gallery-is-layout-flex\">\n<figure class=\"wp-block-image size-large\"><img loading=\"lazy\" decoding=\"async\" width=\"1501\" height=\"2000\" data-id=\"2306\" src=\"https:\/\/schwabenhilfe.de\/kinder\/sh-data\/uploads\/Wir-processed-4A116972-6515-4A42-89EC-BCDD92C98FC1-2-1501x2000.jpeg\" alt=\"\" class=\"wp-image-2306\" srcset=\"https:\/\/schwabenhilfe.de\/kinder\/sh-data\/uploads\/Wir-processed-4A116972-6515-4A42-89EC-BCDD92C98FC1-2-1501x2000.jpeg 1501w, https:\/\/schwabenhilfe.de\/kinder\/sh-data\/uploads\/Wir-processed-4A116972-6515-4A42-89EC-BCDD92C98FC1-2-750x1000.jpeg 750w, https:\/\/schwabenhilfe.de\/kinder\/sh-data\/uploads\/Wir-processed-4A116972-6515-4A42-89EC-BCDD92C98FC1-2-768x1023.jpeg 768w, https:\/\/schwabenhilfe.de\/kinder\/sh-data\/uploads\/Wir-processed-4A116972-6515-4A42-89EC-BCDD92C98FC1-2-1153x1536.jpeg 1153w, https:\/\/schwabenhilfe.de\/kinder\/sh-data\/uploads\/Wir-processed-4A116972-6515-4A42-89EC-BCDD92C98FC1-2-1537x2048.jpeg 1537w, https:\/\/schwabenhilfe.de\/kinder\/sh-data\/uploads\/Wir-processed-4A116972-6515-4A42-89EC-BCDD92C98FC1-2.jpeg 1816w\" sizes=\"auto, (max-width: 1501px) 100vw, 1501px\" \/><\/figure>\n\n\n\n<figure class=\"wp-block-image size-large\"><img loading=\"lazy\" decoding=\"async\" width=\"2420\" height=\"1816\" data-id=\"2305\" src=\"https:\/\/schwabenhilfe.de\/kinder\/sh-data\/uploads\/Wir-processed-3C7F2C89-2D22-4BD5-BC19-D0B47CE49262-3-rotated.jpeg\" alt=\"\" class=\"wp-image-2305\" srcset=\"https:\/\/schwabenhilfe.de\/kinder\/sh-data\/uploads\/Wir-processed-3C7F2C89-2D22-4BD5-BC19-D0B47CE49262-3-rotated.jpeg 2420w, https:\/\/schwabenhilfe.de\/kinder\/sh-data\/uploads\/Wir-processed-3C7F2C89-2D22-4BD5-BC19-D0B47CE49262-3-1200x900.jpeg 1200w, https:\/\/schwabenhilfe.de\/kinder\/sh-data\/uploads\/Wir-processed-3C7F2C89-2D22-4BD5-BC19-D0B47CE49262-3-768x576.jpeg 768w, https:\/\/schwabenhilfe.de\/kinder\/sh-data\/uploads\/Wir-processed-3C7F2C89-2D22-4BD5-BC19-D0B47CE49262-3-1536x1153.jpeg 1536w, https:\/\/schwabenhilfe.de\/kinder\/sh-data\/uploads\/Wir-processed-3C7F2C89-2D22-4BD5-BC19-D0B47CE49262-3-2048x1537.jpeg 2048w\" sizes=\"auto, (max-width: 2420px) 100vw, 2420px\" \/><\/figure>\n<\/figure>\n","protected":false},"excerpt":{"rendered":"<p>Das kleine WIR: Wie aus einem \u201eDu und Ich\u201c ein echtes Team wird In unserer p\u00e4dagogischen Arbeit stolpern wir immer wieder \u00fcber eine ganz zentrale Frage: Wie erkl\u00e4ren wir Kindern [&hellip;]<\/p>\n","protected":false},"author":10,"featured_media":2296,"comment_status":"closed","ping_status":"closed","sticky":false,"template":"","format":"standard","meta":{"footnotes":""},"categories":[1],"tags":[],"class_list":["post-2295","post","type-post","status-publish","format-standard","has-post-thumbnail","hentry","category-allgemein"],"_links":{"self":[{"href":"https:\/\/schwabenhilfe.de\/kinder\/wp-json\/wp\/v2\/posts\/2295","targetHints":{"allow":["GET"]}}],"collection":[{"href":"https:\/\/schwabenhilfe.de\/kinder\/wp-json\/wp\/v2\/posts"}],"about":[{"href":"https:\/\/schwabenhilfe.de\/kinder\/wp-json\/wp\/v2\/types\/post"}],"author":[{"embeddable":true,"href":"https:\/\/schwabenhilfe.de\/kinder\/wp-json\/wp\/v2\/users\/10"}],"replies":[{"embeddable":true,"href":"https:\/\/schwabenhilfe.de\/kinder\/wp-json\/wp\/v2\/comments?post=2295"}],"version-history":[{"count":1,"href":"https:\/\/schwabenhilfe.de\/kinder\/wp-json\/wp\/v2\/posts\/2295\/revisions"}],"predecessor-version":[{"id":2307,"href":"https:\/\/schwabenhilfe.de\/kinder\/wp-json\/wp\/v2\/posts\/2295\/revisions\/2307"}],"wp:featuredmedia":[{"embeddable":true,"href":"https:\/\/schwabenhilfe.de\/kinder\/wp-json\/wp\/v2\/media\/2296"}],"wp:attachment":[{"href":"https:\/\/schwabenhilfe.de\/kinder\/wp-json\/wp\/v2\/media?parent=2295"}],"wp:term":[{"taxonomy":"category","embeddable":true,"href":"https:\/\/schwabenhilfe.de\/kinder\/wp-json\/wp\/v2\/categories?post=2295"},{"taxonomy":"post_tag","embeddable":true,"href":"https:\/\/schwabenhilfe.de\/kinder\/wp-json\/wp\/v2\/tags?post=2295"}],"curies":[{"name":"wp","href":"https:\/\/api.w.org\/{rel}","templated":true}]}}