{"id":2131,"date":"2026-01-27T14:25:54","date_gmt":"2026-01-27T13:25:54","guid":{"rendered":"https:\/\/schwabenhilfe.de\/kinder\/?p=2131"},"modified":"2026-01-27T15:58:35","modified_gmt":"2026-01-27T14:58:35","slug":"29-01-2026-info-abend-sve-friedberg-und-sve-ried","status":"publish","type":"post","link":"https:\/\/schwabenhilfe.de\/kinder\/29-01-2026-info-abend-sve-friedberg-und-sve-ried\/","title":{"rendered":"29.01.2026 &#8211; Info-Abend SVE Friedberg und SVE Ried"},"content":{"rendered":"\n<p><strong>Infoabend der Schulvorbereitenden Einrichtung (SVE) in Friedberg und Ried<\/strong><\/p>\n\n\n\n<p>Die Schulvorbereitende Einrichtung (SVE) Friedberg l\u00e4dt interessierte Eltern und Erziehungsberechtigte herzlich zu einem Informationsabend ein.<br>Die Veranstaltung findet am <strong>Donnerstag, 29. Januar 2026, von 18:30 Uhr bis ca. 20:00 Uhr je nach Wohnortn\u00e4he<\/strong> in den R\u00e4umen der <strong>SVE Friedberg, Hermann-L\u00f6ns-Str. 2, 86316 Friedberg<\/strong> oder in den R\u00e4umen der <strong>SVE Ried, <\/strong><strong>Sirchenrieder Str.1,&nbsp;86510&nbsp;Ried<\/strong> statt.<\/p>\n\n\n\n<p>Der Infoabend richtet sich an Familien mit <strong>Kindern im Alter von ca. 3 bis 6 Jahren<\/strong>, die einen <strong>besonderen F\u00f6rderbedarf<\/strong> im Bereich Lernen, Sprache, Wahrnehmung, Emotionalit\u00e4t oder Sozialverhalten haben und ein <strong>kleineres, unterst\u00fctzendes Lernumfeld<\/strong> ben\u00f6tigen.<\/p>\n\n\n\n<p>An diesem Abend erhalten Sie eine <strong>\u00dcbersicht \u00fcber Ziele, Aufgaben und die p\u00e4dagogische Arbeit der SVE<\/strong>, Einblicke in <strong>Lern- und F\u00f6rderangebote<\/strong>, Informationen zum <strong>Tagesablauf<\/strong>, die M\u00f6glichkeit zum <strong>Kennenlernen der R\u00e4umlichkeiten<\/strong> sowie <strong>Zeit f\u00fcr Fragen und pers\u00f6nliche Gespr\u00e4che<\/strong> mit den Mitarbeiterinnen und Eltern der SVE.<\/p>\n\n\n\n<p>Wir freuen uns darauf, Ihnen unsere Arbeit vorzustellen und gemeinsam zu besprechen, wie wir Ihr Kind auf seinem Weg st\u00e4rken und begleiten k\u00f6nnen.<\/p>\n\n\n\n<figure class=\"wp-block-gallery has-nested-images columns-default is-cropped wp-block-gallery-1 is-layout-flex wp-block-gallery-is-layout-flex\">\n<figure class=\"wp-block-image size-full\"><img loading=\"lazy\" decoding=\"async\" width=\"640\" height=\"480\" data-id=\"2145\" src=\"https:\/\/schwabenhilfe.de\/kinder\/sh-data\/uploads\/SVE-Friedberg-5.jpg\" alt=\"\" class=\"wp-image-2145\"\/><\/figure>\n<\/figure>\n\n\n\n<figure class=\"wp-block-gallery has-nested-images columns-default is-cropped wp-block-gallery-2 is-layout-flex wp-block-gallery-is-layout-flex\">\n<figure class=\"wp-block-image size-large\"><img loading=\"lazy\" decoding=\"async\" width=\"480\" height=\"640\" data-id=\"2142\" src=\"https:\/\/schwabenhilfe.de\/kinder\/sh-data\/uploads\/SVE-Friedberg-1-1.jpg\" alt=\"\" class=\"wp-image-2142\"\/><\/figure>\n\n\n\n<figure class=\"wp-block-image size-large\"><img loading=\"lazy\" decoding=\"async\" width=\"480\" height=\"640\" data-id=\"2144\" src=\"https:\/\/schwabenhilfe.de\/kinder\/sh-data\/uploads\/SVE-Friedberg-6-1.jpg\" alt=\"\" class=\"wp-image-2144\"\/><\/figure>\n\n\n\n<figure class=\"wp-block-image size-large\"><img loading=\"lazy\" decoding=\"async\" width=\"640\" height=\"480\" data-id=\"2143\" src=\"https:\/\/schwabenhilfe.de\/kinder\/sh-data\/uploads\/SVE-Friedberg-8.jpg\" alt=\"\" class=\"wp-image-2143\"\/><\/figure>\n<\/figure>\n\n\n\n<p><\/p>\n","protected":false},"excerpt":{"rendered":"<p>Infoabend der Schulvorbereitenden Einrichtung (SVE) in Friedberg und Ried Die Schulvorbereitende Einrichtung (SVE) Friedberg l\u00e4dt interessierte Eltern und Erziehungsberechtigte herzlich zu einem Informationsabend ein.Die Veranstaltung findet am Donnerstag, 29. Januar [&hellip;]<\/p>\n","protected":false},"author":10,"featured_media":2148,"comment_status":"closed","ping_status":"closed","sticky":false,"template":"","format":"standard","meta":{"footnotes":""},"categories":[1],"tags":[],"class_list":["post-2131","post","type-post","status-publish","format-standard","has-post-thumbnail","hentry","category-allgemein"],"_links":{"self":[{"href":"https:\/\/schwabenhilfe.de\/kinder\/wp-json\/wp\/v2\/posts\/2131","targetHints":{"allow":["GET"]}}],"collection":[{"href":"https:\/\/schwabenhilfe.de\/kinder\/wp-json\/wp\/v2\/posts"}],"about":[{"href":"https:\/\/schwabenhilfe.de\/kinder\/wp-json\/wp\/v2\/types\/post"}],"author":[{"embeddable":true,"href":"https:\/\/schwabenhilfe.de\/kinder\/wp-json\/wp\/v2\/users\/10"}],"replies":[{"embeddable":true,"href":"https:\/\/schwabenhilfe.de\/kinder\/wp-json\/wp\/v2\/comments?post=2131"}],"version-history":[{"count":6,"href":"https:\/\/schwabenhilfe.de\/kinder\/wp-json\/wp\/v2\/posts\/2131\/revisions"}],"predecessor-version":[{"id":2165,"href":"https:\/\/schwabenhilfe.de\/kinder\/wp-json\/wp\/v2\/posts\/2131\/revisions\/2165"}],"wp:featuredmedia":[{"embeddable":true,"href":"https:\/\/schwabenhilfe.de\/kinder\/wp-json\/wp\/v2\/media\/2148"}],"wp:attachment":[{"href":"https:\/\/schwabenhilfe.de\/kinder\/wp-json\/wp\/v2\/media?parent=2131"}],"wp:term":[{"taxonomy":"category","embeddable":true,"href":"https:\/\/schwabenhilfe.de\/kinder\/wp-json\/wp\/v2\/categories?post=2131"},{"taxonomy":"post_tag","embeddable":true,"href":"https:\/\/schwabenhilfe.de\/kinder\/wp-json\/wp\/v2\/tags?post=2131"}],"curies":[{"name":"wp","href":"https:\/\/api.w.org\/{rel}","templated":true}]}}