{"id":2049,"date":"2025-12-09T15:26:23","date_gmt":"2025-12-09T14:26:23","guid":{"rendered":"https:\/\/schwabenhilfe.de\/kinder\/?p=2049"},"modified":"2025-12-09T15:26:25","modified_gmt":"2025-12-09T14:26:25","slug":"sve-graben-adventszauber-auf-dem-nikolausmarkt","status":"publish","type":"post","link":"https:\/\/schwabenhilfe.de\/kinder\/sve-graben-adventszauber-auf-dem-nikolausmarkt\/","title":{"rendered":"SVE Graben: Adventszauber auf dem Nikolausmarkt"},"content":{"rendered":"\n<p>Am vergangenen Sonntag war es wieder so weit: Die SVE-Graben pr\u00e4sentierte ihren traditionellen Stand auf dem \u201eGr\u00e4binger Advent\u201c. Viele fr\u00f6hliche Gesichter, der Duft von Gl\u00fchwein und gebrannten Mandeln sowie bunte Lichter zogen die Besucher an und schufen eine festliche Stimmung.<\/p>\n\n\n\n<p>Die Erzieherinnen waren mit viel Herz dabei. Am Stand wurden zahlreiche kleine Arbeiten angeboten, um Geld f\u00fcr die SVE Graben zu sammeln. Im Mittelpunkt stand ein riesiges Adventskalenderhaus, das die Aufmerksamkeit auf sich zog. Die Besucher hatten die Chance, mit etwas Gl\u00fcck tolle Preise zu gewinnen.<\/p>\n\n\n\n<figure class=\"wp-block-image size-large\"><img loading=\"lazy\" decoding=\"async\" width=\"3000\" height=\"1688\" src=\"https:\/\/schwabenhilfe.de\/kinder\/sh-data\/uploads\/Nikolausmarkt-1-3000x1688.jpg\" alt=\"\" class=\"wp-image-2050\" srcset=\"https:\/\/schwabenhilfe.de\/kinder\/sh-data\/uploads\/Nikolausmarkt-1-3000x1688.jpg 3000w, https:\/\/schwabenhilfe.de\/kinder\/sh-data\/uploads\/Nikolausmarkt-1-1200x675.jpg 1200w, https:\/\/schwabenhilfe.de\/kinder\/sh-data\/uploads\/Nikolausmarkt-1-768x432.jpg 768w, https:\/\/schwabenhilfe.de\/kinder\/sh-data\/uploads\/Nikolausmarkt-1-1536x864.jpg 1536w, https:\/\/schwabenhilfe.de\/kinder\/sh-data\/uploads\/Nikolausmarkt-1-2048x1152.jpg 2048w\" sizes=\"auto, (max-width: 3000px) 100vw, 3000px\" \/><\/figure>\n\n\n\n<p>Dank des unerm\u00fcdlichen Engagements aller Mitarbeiterinnen konnte ein beachtliches S\u00fcmmchen an Spendengeldern gesammelt werden. Diese tollen Einnahmen werden direkt in Projekte und Aktivit\u00e4ten flie\u00dfen, die den Kindern zugutekommen.<\/p>\n\n\n\n<p>Der Stand war nicht nur ein Ort des Verkaufs, sondern auch ein Treffpunkt f\u00fcr die Gemeinschaft. Eltern, Nachbarn und Freunde kamen zusammen, um Zeit zu verbringen und sich auszutauschen.<\/p>\n\n\n\n<figure class=\"wp-block-image size-large\"><img loading=\"lazy\" decoding=\"async\" width=\"3000\" height=\"1688\" src=\"https:\/\/schwabenhilfe.de\/kinder\/sh-data\/uploads\/Nikolausmarkt-2-3000x1688.jpg\" alt=\"\" class=\"wp-image-2051\" srcset=\"https:\/\/schwabenhilfe.de\/kinder\/sh-data\/uploads\/Nikolausmarkt-2-3000x1688.jpg 3000w, https:\/\/schwabenhilfe.de\/kinder\/sh-data\/uploads\/Nikolausmarkt-2-1200x675.jpg 1200w, https:\/\/schwabenhilfe.de\/kinder\/sh-data\/uploads\/Nikolausmarkt-2-768x432.jpg 768w, https:\/\/schwabenhilfe.de\/kinder\/sh-data\/uploads\/Nikolausmarkt-2-1536x864.jpg 1536w, https:\/\/schwabenhilfe.de\/kinder\/sh-data\/uploads\/Nikolausmarkt-2-2048x1152.jpg 2048w\" sizes=\"auto, (max-width: 3000px) 100vw, 3000px\" \/><\/figure>\n\n\n\n<p>Insgesamt war es ein erfolgreicher und sch\u00f6ner Tag, der die Vorweihnachtszeit bereicherte und die Herzen erw\u00e4rmte. Mit viel Vorfreude blicken wir bereits auf den n\u00e4chsten Nikolausmarkt!<\/p>\n","protected":false},"excerpt":{"rendered":"<p>Am vergangenen Sonntag war es wieder so weit: Die SVE-Graben pr\u00e4sentierte ihren traditionellen Stand auf dem \u201eGr\u00e4binger Advent\u201c. Viele fr\u00f6hliche Gesichter, der Duft von Gl\u00fchwein und gebrannten Mandeln sowie bunte [&hellip;]<\/p>\n","protected":false},"author":10,"featured_media":2050,"comment_status":"closed","ping_status":"closed","sticky":false,"template":"","format":"standard","meta":{"footnotes":""},"categories":[1],"tags":[],"class_list":["post-2049","post","type-post","status-publish","format-standard","has-post-thumbnail","hentry","category-allgemein"],"_links":{"self":[{"href":"https:\/\/schwabenhilfe.de\/kinder\/wp-json\/wp\/v2\/posts\/2049","targetHints":{"allow":["GET"]}}],"collection":[{"href":"https:\/\/schwabenhilfe.de\/kinder\/wp-json\/wp\/v2\/posts"}],"about":[{"href":"https:\/\/schwabenhilfe.de\/kinder\/wp-json\/wp\/v2\/types\/post"}],"author":[{"embeddable":true,"href":"https:\/\/schwabenhilfe.de\/kinder\/wp-json\/wp\/v2\/users\/10"}],"replies":[{"embeddable":true,"href":"https:\/\/schwabenhilfe.de\/kinder\/wp-json\/wp\/v2\/comments?post=2049"}],"version-history":[{"count":1,"href":"https:\/\/schwabenhilfe.de\/kinder\/wp-json\/wp\/v2\/posts\/2049\/revisions"}],"predecessor-version":[{"id":2052,"href":"https:\/\/schwabenhilfe.de\/kinder\/wp-json\/wp\/v2\/posts\/2049\/revisions\/2052"}],"wp:featuredmedia":[{"embeddable":true,"href":"https:\/\/schwabenhilfe.de\/kinder\/wp-json\/wp\/v2\/media\/2050"}],"wp:attachment":[{"href":"https:\/\/schwabenhilfe.de\/kinder\/wp-json\/wp\/v2\/media?parent=2049"}],"wp:term":[{"taxonomy":"category","embeddable":true,"href":"https:\/\/schwabenhilfe.de\/kinder\/wp-json\/wp\/v2\/categories?post=2049"},{"taxonomy":"post_tag","embeddable":true,"href":"https:\/\/schwabenhilfe.de\/kinder\/wp-json\/wp\/v2\/tags?post=2049"}],"curies":[{"name":"wp","href":"https:\/\/api.w.org\/{rel}","templated":true}]}}