{"id":2043,"date":"2025-12-02T16:42:55","date_gmt":"2025-12-02T15:42:55","guid":{"rendered":"https:\/\/schwabenhilfe.de\/kinder\/?p=2043"},"modified":"2025-12-02T16:42:56","modified_gmt":"2025-12-02T15:42:56","slug":"mutig-in-die-schule-unser-artikel-in-der-zeitschrift-lieslotte","status":"publish","type":"post","link":"https:\/\/schwabenhilfe.de\/kinder\/mutig-in-die-schule-unser-artikel-in-der-zeitschrift-lieslotte\/","title":{"rendered":"Mutig in die Schule: Unser Artikel in der Zeitschrift Lieslotte"},"content":{"rendered":"\n<p>Wir freuen uns, bekannt geben zu d\u00fcrfen, dass wir in der aktuellen Ausgabe der Zeitschrift Lieslotte mit einem Artikel \u00fcber unsere Schulvorbereitenden Einrichtungen (SVE) vertreten sind. Der Artikel mit dem Titel \u201eMUTIG IN DIE SCHULE\u201c gibt Einblick in die wichtige Arbeit, die wir mit Vier- bis Siebenj\u00e4hrigen leisten. Dabei steht im Mittelpunkt, wie wir die Kinder dabei unterst\u00fctzen, ihren individuellen Weg zum Lernen zu finden und sie bestm\u00f6glich auf den Schulstart vorzubereiten. Au\u00dferdem wurden auf die Infoabende der SVE Friedberg und der SVE Aichach hingewiesen.<\/p>\n\n\n\n<figure class=\"wp-block-image size-full\"><img loading=\"lazy\" decoding=\"async\" width=\"864\" height=\"867\" src=\"https:\/\/schwabenhilfe.de\/kinder\/sh-data\/uploads\/2025-12-01-Beitrag-Mutig-in-die-Schule-Lieslotte.png\" alt=\"\" class=\"wp-image-2044\" srcset=\"https:\/\/schwabenhilfe.de\/kinder\/sh-data\/uploads\/2025-12-01-Beitrag-Mutig-in-die-Schule-Lieslotte.png 864w, https:\/\/schwabenhilfe.de\/kinder\/sh-data\/uploads\/2025-12-01-Beitrag-Mutig-in-die-Schule-Lieslotte-150x150.png 150w, https:\/\/schwabenhilfe.de\/kinder\/sh-data\/uploads\/2025-12-01-Beitrag-Mutig-in-die-Schule-Lieslotte-768x771.png 768w\" sizes=\"auto, (max-width: 864px) 100vw, 864px\" \/><\/figure>\n","protected":false},"excerpt":{"rendered":"<p>Wir freuen uns, bekannt geben zu d\u00fcrfen, dass wir in der aktuellen Ausgabe der Zeitschrift Lieslotte mit einem Artikel \u00fcber unsere Schulvorbereitenden Einrichtungen (SVE) vertreten sind. Der Artikel mit dem [&hellip;]<\/p>\n","protected":false},"author":10,"featured_media":2046,"comment_status":"closed","ping_status":"closed","sticky":false,"template":"","format":"standard","meta":{"footnotes":""},"categories":[1],"tags":[],"class_list":["post-2043","post","type-post","status-publish","format-standard","has-post-thumbnail","hentry","category-allgemein"],"_links":{"self":[{"href":"https:\/\/schwabenhilfe.de\/kinder\/wp-json\/wp\/v2\/posts\/2043","targetHints":{"allow":["GET"]}}],"collection":[{"href":"https:\/\/schwabenhilfe.de\/kinder\/wp-json\/wp\/v2\/posts"}],"about":[{"href":"https:\/\/schwabenhilfe.de\/kinder\/wp-json\/wp\/v2\/types\/post"}],"author":[{"embeddable":true,"href":"https:\/\/schwabenhilfe.de\/kinder\/wp-json\/wp\/v2\/users\/10"}],"replies":[{"embeddable":true,"href":"https:\/\/schwabenhilfe.de\/kinder\/wp-json\/wp\/v2\/comments?post=2043"}],"version-history":[{"count":2,"href":"https:\/\/schwabenhilfe.de\/kinder\/wp-json\/wp\/v2\/posts\/2043\/revisions"}],"predecessor-version":[{"id":2047,"href":"https:\/\/schwabenhilfe.de\/kinder\/wp-json\/wp\/v2\/posts\/2043\/revisions\/2047"}],"wp:featuredmedia":[{"embeddable":true,"href":"https:\/\/schwabenhilfe.de\/kinder\/wp-json\/wp\/v2\/media\/2046"}],"wp:attachment":[{"href":"https:\/\/schwabenhilfe.de\/kinder\/wp-json\/wp\/v2\/media?parent=2043"}],"wp:term":[{"taxonomy":"category","embeddable":true,"href":"https:\/\/schwabenhilfe.de\/kinder\/wp-json\/wp\/v2\/categories?post=2043"},{"taxonomy":"post_tag","embeddable":true,"href":"https:\/\/schwabenhilfe.de\/kinder\/wp-json\/wp\/v2\/tags?post=2043"}],"curies":[{"name":"wp","href":"https:\/\/api.w.org\/{rel}","templated":true}]}}