{"id":2008,"date":"2025-11-25T15:54:57","date_gmt":"2025-11-25T14:54:57","guid":{"rendered":"https:\/\/schwabenhilfe.de\/kinder\/?p=2008"},"modified":"2025-12-02T12:32:44","modified_gmt":"2025-12-02T11:32:44","slug":"igel-igor-in-der-sve-aichach","status":"publish","type":"post","link":"https:\/\/schwabenhilfe.de\/kinder\/igel-igor-in-der-sve-aichach\/","title":{"rendered":"Igel Igor in der SVE Aichach"},"content":{"rendered":"\n<figure class=\"wp-block-image size-full\"><img loading=\"lazy\" decoding=\"async\" width=\"1154\" height=\"336\" src=\"https:\/\/schwabenhilfe.de\/kinder\/sh-data\/uploads\/Igel-3er-Bild-Okt.-2025.jpeg\" alt=\"\" class=\"wp-image-2011\" srcset=\"https:\/\/schwabenhilfe.de\/kinder\/sh-data\/uploads\/Igel-3er-Bild-Okt.-2025.jpeg 1154w, https:\/\/schwabenhilfe.de\/kinder\/sh-data\/uploads\/Igel-3er-Bild-Okt.-2025-768x224.jpeg 768w\" sizes=\"auto, (max-width: 1154px) 100vw, 1154px\" \/><\/figure>\n\n\n\n<h3 class=\"wp-block-heading\">Herbstgr\u00fc\u00dfe aus der SVE Aichach<\/h3>\n\n\n\n<p>Drau\u00dfen f\u00e4rben sich die Bl\u00e4tter in den sch\u00f6nsten Herbstfarben, und unter den<br>B\u00e4umen haben sich gro\u00dfe, raschelnde Bl\u00e4tterhaufen gebildet. Die Kinder haben<br>viele bunte Bl\u00e4tter gesammelt \u2013 gro\u00dfe und kleine, gr\u00fcne, rote und gelbe \u2013 und sie<br>anschlie\u00dfend gepresst.<br>In der SVE sind nun auch viele kleine Igel eingezogen. Einer von ihnen ist der Igel<br>Igor. Er hat sich ein gem\u00fctliches Zuhause unter den mitgebrachten Bl\u00e4ttern<br>eingerichtet. Bevor Igor in seinen langen Winterschlaf f\u00e4llt, besucht er immer wieder<br>die SVE-Kinder, plaudert mit ihnen \u00fcber sein Zuhause, erz\u00e4hlt, wo er zu finden ist,<br>und verr\u00e4t, was er am liebsten frisst.<br><\/p>\n\n\n\n<figure class=\"wp-block-image size-full\"><img loading=\"lazy\" decoding=\"async\" width=\"1289\" height=\"966\" src=\"https:\/\/schwabenhilfe.de\/kinder\/sh-data\/uploads\/Igelbild-basten-5er-Bild.jpeg\" alt=\"\" class=\"wp-image-2010\" srcset=\"https:\/\/schwabenhilfe.de\/kinder\/sh-data\/uploads\/Igelbild-basten-5er-Bild.jpeg 1289w, https:\/\/schwabenhilfe.de\/kinder\/sh-data\/uploads\/Igelbild-basten-5er-Bild-1200x899.jpeg 1200w, https:\/\/schwabenhilfe.de\/kinder\/sh-data\/uploads\/Igelbild-basten-5er-Bild-768x576.jpeg 768w\" sizes=\"auto, (max-width: 1289px) 100vw, 1289px\" \/><\/figure>\n\n\n\n<p>Auch in der Bastelwerkstatt kann man Igor entdecken. Dort basteln die Kinder ihm<br>ein neues, buntes Bl\u00e4tterkleid und gestalten ihn sogar als leuchtende Laterne.<br>Bald steht auch<\/p>\n\n\n\n<figure class=\"wp-block-image size-full\"><img loading=\"lazy\" decoding=\"async\" width=\"718\" height=\"537\" src=\"https:\/\/schwabenhilfe.de\/kinder\/sh-data\/uploads\/Bastelwerkstatt-Igel-2er-Bild-Okt.-2025.jpeg\" alt=\"\" class=\"wp-image-2014\"\/><\/figure>\n\n\n\n<p><\/p>\n","protected":false},"excerpt":{"rendered":"<p>Herbstgr\u00fc\u00dfe aus der SVE Aichach Drau\u00dfen f\u00e4rben sich die Bl\u00e4tter in den sch\u00f6nsten Herbstfarben, und unter denB\u00e4umen haben sich gro\u00dfe, raschelnde Bl\u00e4tterhaufen gebildet. Die Kinder habenviele bunte Bl\u00e4tter gesammelt \u2013 [&hellip;]<\/p>\n","protected":false},"author":10,"featured_media":2012,"comment_status":"closed","ping_status":"closed","sticky":false,"template":"","format":"standard","meta":{"footnotes":""},"categories":[1],"tags":[],"class_list":["post-2008","post","type-post","status-publish","format-standard","has-post-thumbnail","hentry","category-allgemein"],"_links":{"self":[{"href":"https:\/\/schwabenhilfe.de\/kinder\/wp-json\/wp\/v2\/posts\/2008","targetHints":{"allow":["GET"]}}],"collection":[{"href":"https:\/\/schwabenhilfe.de\/kinder\/wp-json\/wp\/v2\/posts"}],"about":[{"href":"https:\/\/schwabenhilfe.de\/kinder\/wp-json\/wp\/v2\/types\/post"}],"author":[{"embeddable":true,"href":"https:\/\/schwabenhilfe.de\/kinder\/wp-json\/wp\/v2\/users\/10"}],"replies":[{"embeddable":true,"href":"https:\/\/schwabenhilfe.de\/kinder\/wp-json\/wp\/v2\/comments?post=2008"}],"version-history":[{"count":5,"href":"https:\/\/schwabenhilfe.de\/kinder\/wp-json\/wp\/v2\/posts\/2008\/revisions"}],"predecessor-version":[{"id":2021,"href":"https:\/\/schwabenhilfe.de\/kinder\/wp-json\/wp\/v2\/posts\/2008\/revisions\/2021"}],"wp:featuredmedia":[{"embeddable":true,"href":"https:\/\/schwabenhilfe.de\/kinder\/wp-json\/wp\/v2\/media\/2012"}],"wp:attachment":[{"href":"https:\/\/schwabenhilfe.de\/kinder\/wp-json\/wp\/v2\/media?parent=2008"}],"wp:term":[{"taxonomy":"category","embeddable":true,"href":"https:\/\/schwabenhilfe.de\/kinder\/wp-json\/wp\/v2\/categories?post=2008"},{"taxonomy":"post_tag","embeddable":true,"href":"https:\/\/schwabenhilfe.de\/kinder\/wp-json\/wp\/v2\/tags?post=2008"}],"curies":[{"name":"wp","href":"https:\/\/api.w.org\/{rel}","templated":true}]}}