{"id":1995,"date":"2025-10-21T11:08:00","date_gmt":"2025-10-21T09:08:00","guid":{"rendered":"https:\/\/schwabenhilfe.de\/kinder\/?p=1995"},"modified":"2025-11-11T11:15:09","modified_gmt":"2025-11-11T10:15:09","slug":"erfreulich-61-uebertrittsquote-fuer-unsere-sve-kinder-an-die-regelschule-im-schuljahr-25-26","status":"publish","type":"post","link":"https:\/\/schwabenhilfe.de\/kinder\/erfreulich-61-uebertrittsquote-fuer-unsere-sve-kinder-an-die-regelschule-im-schuljahr-25-26\/","title":{"rendered":"Erfreuliche 61% \u00dcbertrittsquote f\u00fcr unsere SVE-Kinder an die Regelschule im Schuljahr 25\/26"},"content":{"rendered":"\n<h3 class=\"wp-block-heading\">Dank individueller, auf die Kinder zugeschnittene, F\u00f6rderma\u00dfnahmen erreichten wir eine sehr gute \u00dcbertrittsquote der SVE-Kinder in die Regelschule.<\/h3>\n\n\n\n<p>Hierf\u00fcr auch ein Dankesch\u00f6n an alle unserer \u00fcber 200 Fachkr\u00e4fte, die in ganz Schwaben einen wichtigen Beitrag leisten. M\u00f6chtest auch du ein Teil unseres Teams werden? Dann schau doch mal auf die aktuellen <a href=\"https:\/\/schwabenhilfe.de\/kinder\/stellenangebote\/\">Stellenanzeigen<\/a>.<\/p>\n\n\n\n<p><strong>Darstellung der \u00dcbertritte in Prozent zu unseren 492 SVE Kinder im Schuljahr 2025\/2026<\/strong><\/p>\n\n\n\n<p><strong>61,18 %<\/strong> an Grundschulen, Koopklassen oder inklusive Klassen<\/p>\n\n\n\n<p><strong>35,37 %<\/strong> an Diagnose- und F\u00f6rderklassen (DFK) und St\u00fctz- und F\u00f6rderklassen (SFK)<\/p>\n\n\n\n<p><strong>3,46  %<\/strong> an sonstige Schulen<\/p>\n\n\n\n<div data-wp-interactive=\"core\/file\" class=\"wp-block-file\"><object data-wp-bind--hidden=\"!state.hasPdfPreview\" hidden class=\"wp-block-file__embed\" data=\"https:\/\/schwabenhilfe.de\/kinder\/sh-data\/uploads\/Diagramm.pdf\" type=\"application\/pdf\" style=\"width:100%;height:600px\" aria-label=\"Einbettung von Diagramm.\"><\/object><a id=\"wp-block-file--media-f8d5c0d0-1459-4535-86b5-f65e7e48343b\" href=\"https:\/\/schwabenhilfe.de\/kinder\/sh-data\/uploads\/Diagramm.pdf\">Diagramm<\/a><a href=\"https:\/\/schwabenhilfe.de\/kinder\/sh-data\/uploads\/Diagramm.pdf\" class=\"wp-block-file__button wp-element-button\" download aria-describedby=\"wp-block-file--media-f8d5c0d0-1459-4535-86b5-f65e7e48343b\">Herunterladen<\/a><\/div>\n","protected":false},"excerpt":{"rendered":"<p>Dank individueller, auf die Kinder zugeschnittene, F\u00f6rderma\u00dfnahmen erreichten wir eine sehr gute \u00dcbertrittsquote der SVE-Kinder in die Regelschule. Hierf\u00fcr auch ein Dankesch\u00f6n an alle unserer \u00fcber 200 Fachkr\u00e4fte, die in [&hellip;]<\/p>\n","protected":false},"author":10,"featured_media":2000,"comment_status":"closed","ping_status":"closed","sticky":false,"template":"","format":"standard","meta":{"footnotes":""},"categories":[1],"tags":[],"class_list":["post-1995","post","type-post","status-publish","format-standard","has-post-thumbnail","hentry","category-allgemein"],"_links":{"self":[{"href":"https:\/\/schwabenhilfe.de\/kinder\/wp-json\/wp\/v2\/posts\/1995","targetHints":{"allow":["GET"]}}],"collection":[{"href":"https:\/\/schwabenhilfe.de\/kinder\/wp-json\/wp\/v2\/posts"}],"about":[{"href":"https:\/\/schwabenhilfe.de\/kinder\/wp-json\/wp\/v2\/types\/post"}],"author":[{"embeddable":true,"href":"https:\/\/schwabenhilfe.de\/kinder\/wp-json\/wp\/v2\/users\/10"}],"replies":[{"embeddable":true,"href":"https:\/\/schwabenhilfe.de\/kinder\/wp-json\/wp\/v2\/comments?post=1995"}],"version-history":[{"count":2,"href":"https:\/\/schwabenhilfe.de\/kinder\/wp-json\/wp\/v2\/posts\/1995\/revisions"}],"predecessor-version":[{"id":2001,"href":"https:\/\/schwabenhilfe.de\/kinder\/wp-json\/wp\/v2\/posts\/1995\/revisions\/2001"}],"wp:featuredmedia":[{"embeddable":true,"href":"https:\/\/schwabenhilfe.de\/kinder\/wp-json\/wp\/v2\/media\/2000"}],"wp:attachment":[{"href":"https:\/\/schwabenhilfe.de\/kinder\/wp-json\/wp\/v2\/media?parent=1995"}],"wp:term":[{"taxonomy":"category","embeddable":true,"href":"https:\/\/schwabenhilfe.de\/kinder\/wp-json\/wp\/v2\/categories?post=1995"},{"taxonomy":"post_tag","embeddable":true,"href":"https:\/\/schwabenhilfe.de\/kinder\/wp-json\/wp\/v2\/tags?post=1995"}],"curies":[{"name":"wp","href":"https:\/\/api.w.org\/{rel}","templated":true}]}}