{"id":1953,"date":"2025-08-07T12:18:55","date_gmt":"2025-08-07T10:18:55","guid":{"rendered":"https:\/\/schwabenhilfe.de\/kinder\/?p=1953"},"modified":"2025-08-07T12:18:56","modified_gmt":"2025-08-07T10:18:56","slug":"einmal-farbe-bitte-die-sve-graben-bekommt-einen-neuen-anstrich","status":"publish","type":"post","link":"https:\/\/schwabenhilfe.de\/kinder\/einmal-farbe-bitte-die-sve-graben-bekommt-einen-neuen-anstrich\/","title":{"rendered":"Einmal Farbe, bitte! Die SVE Graben bekommt einen neuen Anstrich!"},"content":{"rendered":"\n<p><\/p>\n\n\n\n<p>Voller Elan und mit vereinten Kr\u00e4ften hat unser Team der SVE Graben in den letzten Tagen kr\u00e4ftig angepackt: Es wurde umger\u00e4umt, aufger\u00e4umt und ausger\u00e4umt \u2013 alles, um unsere Einrichtung auf den bevorstehenden Besuch des Malers vorzubereiten.<\/p>\n\n\n\n<p>Denn: Die SVE bekommt einen neuen Anstrich!<\/p>\n\n\n\n<p>Damit f\u00e4llt der Startschuss f\u00fcr eine umfassende Modernisierung unserer R\u00e4ume. Wir freuen uns riesig darauf, unserer Einrichtung nicht nur optisch, sondern auch funktional neuen Glanz zu verleihen \u2013 f\u00fcr ein noch angenehmeres Umfeld f\u00fcr Kinder, Eltern und Mitarbeitende.<\/p>\n\n\n\n<p>Bleibt dran \u2013 wir halten euch hier \u00fcber die Fortschritte auf dem Laufenden!<\/p>\n\n\n\n<figure class=\"wp-block-image size-large\"><img loading=\"lazy\" decoding=\"async\" width=\"3000\" height=\"1688\" src=\"https:\/\/schwabenhilfe.de\/kinder\/sh-data\/uploads\/Malerarbeiten-SVE-Graben-3000x1688.jpg\" alt=\"\" class=\"wp-image-1954\" srcset=\"https:\/\/schwabenhilfe.de\/kinder\/sh-data\/uploads\/Malerarbeiten-SVE-Graben-3000x1688.jpg 3000w, https:\/\/schwabenhilfe.de\/kinder\/sh-data\/uploads\/Malerarbeiten-SVE-Graben-1200x675.jpg 1200w, https:\/\/schwabenhilfe.de\/kinder\/sh-data\/uploads\/Malerarbeiten-SVE-Graben-768x432.jpg 768w, https:\/\/schwabenhilfe.de\/kinder\/sh-data\/uploads\/Malerarbeiten-SVE-Graben-1536x864.jpg 1536w, https:\/\/schwabenhilfe.de\/kinder\/sh-data\/uploads\/Malerarbeiten-SVE-Graben-2048x1152.jpg 2048w\" sizes=\"auto, (max-width: 3000px) 100vw, 3000px\" \/><\/figure>\n","protected":false},"excerpt":{"rendered":"<p>Voller Elan und mit vereinten Kr\u00e4ften hat unser Team der SVE Graben in den letzten Tagen kr\u00e4ftig angepackt: Es wurde umger\u00e4umt, aufger\u00e4umt und ausger\u00e4umt \u2013 alles, um unsere Einrichtung auf [&hellip;]<\/p>\n","protected":false},"author":10,"featured_media":1954,"comment_status":"closed","ping_status":"closed","sticky":false,"template":"","format":"standard","meta":{"footnotes":""},"categories":[1],"tags":[],"class_list":["post-1953","post","type-post","status-publish","format-standard","has-post-thumbnail","hentry","category-allgemein"],"_links":{"self":[{"href":"https:\/\/schwabenhilfe.de\/kinder\/wp-json\/wp\/v2\/posts\/1953","targetHints":{"allow":["GET"]}}],"collection":[{"href":"https:\/\/schwabenhilfe.de\/kinder\/wp-json\/wp\/v2\/posts"}],"about":[{"href":"https:\/\/schwabenhilfe.de\/kinder\/wp-json\/wp\/v2\/types\/post"}],"author":[{"embeddable":true,"href":"https:\/\/schwabenhilfe.de\/kinder\/wp-json\/wp\/v2\/users\/10"}],"replies":[{"embeddable":true,"href":"https:\/\/schwabenhilfe.de\/kinder\/wp-json\/wp\/v2\/comments?post=1953"}],"version-history":[{"count":3,"href":"https:\/\/schwabenhilfe.de\/kinder\/wp-json\/wp\/v2\/posts\/1953\/revisions"}],"predecessor-version":[{"id":1957,"href":"https:\/\/schwabenhilfe.de\/kinder\/wp-json\/wp\/v2\/posts\/1953\/revisions\/1957"}],"wp:featuredmedia":[{"embeddable":true,"href":"https:\/\/schwabenhilfe.de\/kinder\/wp-json\/wp\/v2\/media\/1954"}],"wp:attachment":[{"href":"https:\/\/schwabenhilfe.de\/kinder\/wp-json\/wp\/v2\/media?parent=1953"}],"wp:term":[{"taxonomy":"category","embeddable":true,"href":"https:\/\/schwabenhilfe.de\/kinder\/wp-json\/wp\/v2\/categories?post=1953"},{"taxonomy":"post_tag","embeddable":true,"href":"https:\/\/schwabenhilfe.de\/kinder\/wp-json\/wp\/v2\/tags?post=1953"}],"curies":[{"name":"wp","href":"https:\/\/api.w.org\/{rel}","templated":true}]}}