{"id":1902,"date":"2025-07-22T16:10:15","date_gmt":"2025-07-22T14:10:15","guid":{"rendered":"https:\/\/schwabenhilfe.de\/kinder\/?p=1902"},"modified":"2025-07-23T16:20:37","modified_gmt":"2025-07-23T14:20:37","slug":"waldtage-in-der-sve-pfersee-ein-unvergessliches-erlebnis-fuer-unsere-kinder","status":"publish","type":"post","link":"https:\/\/schwabenhilfe.de\/kinder\/waldtage-in-der-sve-pfersee-ein-unvergessliches-erlebnis-fuer-unsere-kinder\/","title":{"rendered":"Waldtage in der SVE Pfersee: Ein unvergessliches Erlebnis f\u00fcr unsere Kinder"},"content":{"rendered":"\n<figure class=\"wp-block-image size-full\"><img loading=\"lazy\" decoding=\"async\" width=\"2000\" height=\"1126\" src=\"https:\/\/schwabenhilfe.de\/kinder\/sh-data\/uploads\/IMG_3850.jpeg\" alt=\"\" class=\"wp-image-1903\" srcset=\"https:\/\/schwabenhilfe.de\/kinder\/sh-data\/uploads\/IMG_3850.jpeg 2000w, https:\/\/schwabenhilfe.de\/kinder\/sh-data\/uploads\/IMG_3850-1200x676.jpeg 1200w, https:\/\/schwabenhilfe.de\/kinder\/sh-data\/uploads\/IMG_3850-768x432.jpeg 768w, https:\/\/schwabenhilfe.de\/kinder\/sh-data\/uploads\/IMG_3850-1536x865.jpeg 1536w\" sizes=\"auto, (max-width: 2000px) 100vw, 2000px\" \/><\/figure>\n\n\n\n<p>Wir freuen uns, von unseren aufregenden Waldtagen zu berichten! Das Wetter war uns wohlgesonnen, und wir sind gl\u00fccklich, dass alle Kinder wohlbehalten und ohne Verletzungen geblieben sind. \ud83d\ude07<\/p>\n\n\n\n<p>Besonders heute haben die Kinder einen bemerkenswerten Flow entwickelt: \u201eKommt, wir m\u00fcssen da weiterarbeiten!\u201c Diese Begeisterung und Motivation sind einfach ansteckend und zeigen, wie sehr die Kinder in ihre Projekte eintauchen.<\/p>\n\n\n\n<p>Ein Highlight der Waldtage war der Bau eines Tippi aus Baumst\u00e4mmen. Die Kinder haben mit viel Kreativit\u00e4t und Teamarbeit ein beeindruckendes Bauwerk geschaffen, das nicht nur als R\u00fcckzugsort dient, sondern auch ihre F\u00e4higkeiten im Umgang mit nat\u00fcrlichen Materialien f\u00f6rdert.<\/p>\n\n\n\n<figure class=\"wp-block-image size-full\"><img loading=\"lazy\" decoding=\"async\" width=\"2000\" height=\"1126\" src=\"https:\/\/schwabenhilfe.de\/kinder\/sh-data\/uploads\/IMG_3851.jpeg\" alt=\"\" class=\"wp-image-1904\" srcset=\"https:\/\/schwabenhilfe.de\/kinder\/sh-data\/uploads\/IMG_3851.jpeg 2000w, https:\/\/schwabenhilfe.de\/kinder\/sh-data\/uploads\/IMG_3851-1200x676.jpeg 1200w, https:\/\/schwabenhilfe.de\/kinder\/sh-data\/uploads\/IMG_3851-768x432.jpeg 768w, https:\/\/schwabenhilfe.de\/kinder\/sh-data\/uploads\/IMG_3851-1536x865.jpeg 1536w\" sizes=\"auto, (max-width: 2000px) 100vw, 2000px\" \/><\/figure>\n\n\n\n<p>Dar\u00fcber hinaus haben die Kinder die Gelegenheit genutzt, die faszinierende Welt der Natur zu erkunden. Sie entdeckten, was alles in und an morschen Baumst\u00e4mmen kriecht, und lernten dabei viel \u00fcber die kleinen Lebewesen, die unseren Wald bev\u00f6lkern.<\/p>\n\n\n\n<figure class=\"wp-block-image size-full\"><img loading=\"lazy\" decoding=\"async\" width=\"2000\" height=\"1126\" src=\"https:\/\/schwabenhilfe.de\/kinder\/sh-data\/uploads\/IMG_3848.jpeg\" alt=\"\" class=\"wp-image-1905\" srcset=\"https:\/\/schwabenhilfe.de\/kinder\/sh-data\/uploads\/IMG_3848.jpeg 2000w, https:\/\/schwabenhilfe.de\/kinder\/sh-data\/uploads\/IMG_3848-1200x676.jpeg 1200w, https:\/\/schwabenhilfe.de\/kinder\/sh-data\/uploads\/IMG_3848-768x432.jpeg 768w, https:\/\/schwabenhilfe.de\/kinder\/sh-data\/uploads\/IMG_3848-1536x865.jpeg 1536w\" sizes=\"auto, (max-width: 2000px) 100vw, 2000px\" \/><\/figure>\n\n\n\n<p>Wir sind motiviert, dieses Konzept weiter auszubauen und haben uns auch um finanzielle Unterst\u00fctzung f\u00fcr unser Projekt \u201eMacht euch schmutzig\u201c beworben. Wir glauben fest daran, dass solche Erlebnisse f\u00fcr die Entwicklung der Kinder von unsch\u00e4tzbarem Wert sind und freuen uns auf die kommenden Abenteuer im Wald!<\/p>\n\n\n\n<figure class=\"wp-block-image size-full\"><img loading=\"lazy\" decoding=\"async\" width=\"2000\" height=\"1126\" src=\"https:\/\/schwabenhilfe.de\/kinder\/sh-data\/uploads\/IMG_3857.jpeg\" alt=\"\" class=\"wp-image-1906\" srcset=\"https:\/\/schwabenhilfe.de\/kinder\/sh-data\/uploads\/IMG_3857.jpeg 2000w, https:\/\/schwabenhilfe.de\/kinder\/sh-data\/uploads\/IMG_3857-1200x676.jpeg 1200w, https:\/\/schwabenhilfe.de\/kinder\/sh-data\/uploads\/IMG_3857-768x432.jpeg 768w, https:\/\/schwabenhilfe.de\/kinder\/sh-data\/uploads\/IMG_3857-1536x865.jpeg 1536w\" sizes=\"auto, (max-width: 2000px) 100vw, 2000px\" \/><\/figure>\n\n\n\n<p>Bleibt dran f\u00fcr weitere spannende Berichte \u00fcber unsere Aktivit\u00e4ten!<\/p>\n","protected":false},"excerpt":{"rendered":"<p>Wir freuen uns, von unseren aufregenden Waldtagen zu berichten! Das Wetter war uns wohlgesonnen, und wir sind gl\u00fccklich, dass alle Kinder wohlbehalten und ohne Verletzungen geblieben sind. \ud83d\ude07 Besonders heute [&hellip;]<\/p>\n","protected":false},"author":10,"featured_media":1904,"comment_status":"closed","ping_status":"closed","sticky":false,"template":"","format":"standard","meta":{"footnotes":""},"categories":[1],"tags":[],"class_list":["post-1902","post","type-post","status-publish","format-standard","has-post-thumbnail","hentry","category-allgemein"],"_links":{"self":[{"href":"https:\/\/schwabenhilfe.de\/kinder\/wp-json\/wp\/v2\/posts\/1902","targetHints":{"allow":["GET"]}}],"collection":[{"href":"https:\/\/schwabenhilfe.de\/kinder\/wp-json\/wp\/v2\/posts"}],"about":[{"href":"https:\/\/schwabenhilfe.de\/kinder\/wp-json\/wp\/v2\/types\/post"}],"author":[{"embeddable":true,"href":"https:\/\/schwabenhilfe.de\/kinder\/wp-json\/wp\/v2\/users\/10"}],"replies":[{"embeddable":true,"href":"https:\/\/schwabenhilfe.de\/kinder\/wp-json\/wp\/v2\/comments?post=1902"}],"version-history":[{"count":2,"href":"https:\/\/schwabenhilfe.de\/kinder\/wp-json\/wp\/v2\/posts\/1902\/revisions"}],"predecessor-version":[{"id":1908,"href":"https:\/\/schwabenhilfe.de\/kinder\/wp-json\/wp\/v2\/posts\/1902\/revisions\/1908"}],"wp:featuredmedia":[{"embeddable":true,"href":"https:\/\/schwabenhilfe.de\/kinder\/wp-json\/wp\/v2\/media\/1904"}],"wp:attachment":[{"href":"https:\/\/schwabenhilfe.de\/kinder\/wp-json\/wp\/v2\/media?parent=1902"}],"wp:term":[{"taxonomy":"category","embeddable":true,"href":"https:\/\/schwabenhilfe.de\/kinder\/wp-json\/wp\/v2\/categories?post=1902"},{"taxonomy":"post_tag","embeddable":true,"href":"https:\/\/schwabenhilfe.de\/kinder\/wp-json\/wp\/v2\/tags?post=1902"}],"curies":[{"name":"wp","href":"https:\/\/api.w.org\/{rel}","templated":true}]}}