{"id":1896,"date":"2025-07-02T15:16:00","date_gmt":"2025-07-02T13:16:00","guid":{"rendered":"https:\/\/schwabenhilfe.de\/kinder\/?p=1896"},"modified":"2025-11-04T10:23:40","modified_gmt":"2025-11-04T09:23:40","slug":"oberbuergermeisterin-eva-weber-besucht-die-simpertschule","status":"publish","type":"post","link":"https:\/\/schwabenhilfe.de\/kinder\/oberbuergermeisterin-eva-weber-besucht-die-simpertschule\/","title":{"rendered":"Oberb\u00fcrgermeisterin Eva Weber besucht die Simpertschule"},"content":{"rendered":"\n<figure class=\"wp-block-image size-large\"><img loading=\"lazy\" decoding=\"async\" width=\"1500\" height=\"2000\" src=\"https:\/\/schwabenhilfe.de\/kinder\/sh-data\/uploads\/IMG_0757-1500x2000.jpg\" alt=\"\" class=\"wp-image-1897\" srcset=\"https:\/\/schwabenhilfe.de\/kinder\/sh-data\/uploads\/IMG_0757-1500x2000.jpg 1500w, https:\/\/schwabenhilfe.de\/kinder\/sh-data\/uploads\/IMG_0757-750x1000.jpg 750w, https:\/\/schwabenhilfe.de\/kinder\/sh-data\/uploads\/IMG_0757-768x1024.jpg 768w, https:\/\/schwabenhilfe.de\/kinder\/sh-data\/uploads\/IMG_0757-1152x1536.jpg 1152w, https:\/\/schwabenhilfe.de\/kinder\/sh-data\/uploads\/IMG_0757-1536x2048.jpg 1536w, https:\/\/schwabenhilfe.de\/kinder\/sh-data\/uploads\/IMG_0757-scaled.jpg 1920w\" sizes=\"auto, (max-width: 1500px) 100vw, 1500px\" \/><\/figure>\n\n\n\n<p>Am 2. Juli 2025 besuchte Frau Eva Weber, Oberb\u00fcrgermeisterin von Augsburg (Mitte im Bild) die Simpertschule im Rahmen ihrer Tour durch die Stadtteile. W\u00e4hrend ihres Besuchs hatte sie die Gelegenheit, die St\u00fctz- und F\u00f6rderklasse kurz zu besuchen und sich einen Eindruck von der wertvollen Arbeit der Lehrkr\u00e4fte zu verschaffen.<\/p>\n\n\n\n<p>Ein zentrales Thema des Besuchs war die Zukunft der Simpertschule. Gemeinsam mit Frau Thoma von der Regierung von Schwaben (von rechts), Frau Claudia Wagner (Gesch\u00e4ftsf\u00fchrerin der Schwabenhilfe f\u00fcr Kinder e.V.), Frau Eva Weber, Oberb\u00fcrgermeisterin, Frau Zehendner (Schulleitung) und Frau Schreer (stellvertretende Leiterin) wurden die Pl\u00e4ne f\u00fcr eine m\u00f6gliche Erweiterung der Schule besprochen, da der Bedarf an zus\u00e4tzlichen Schulpl\u00e4tzen mit dem F\u00f6rderschwerpunkt emotionale und soziale Entwicklung im Raum Augsburg weiter w\u00e4chst.<\/p>\n\n\n\n<p>Frau Oberb\u00fcrgermeisterin Eva Weber nahm sich viel Zeit f\u00fcr die Gespr\u00e4che und zeigte gro\u00dfes Interesse an den Anliegen der Schule und der Sch\u00fclerinnen und Sch\u00fcler. Besonders hervorzuheben war die Wertsch\u00e4tzung, die sie f\u00fcr die t\u00e4gliche Arbeit der Lehrkr\u00e4fte ausdr\u00fcckte. Ihr Besuch unterstreicht die Bedeutung der Simpertschule und die Notwendigkeit, die Bildungsangebote in Augsburg weiterzuentwickeln.<\/p>\n\n\n\n<p><\/p>\n","protected":false},"excerpt":{"rendered":"<p>Am 2. Juli 2025 besuchte Frau Eva Weber, Oberb\u00fcrgermeisterin von Augsburg (Mitte im Bild) die Simpertschule im Rahmen ihrer Tour durch die Stadtteile. W\u00e4hrend ihres Besuchs hatte sie die Gelegenheit, [&hellip;]<\/p>\n","protected":false},"author":10,"featured_media":1897,"comment_status":"closed","ping_status":"closed","sticky":false,"template":"","format":"standard","meta":{"footnotes":""},"categories":[1],"tags":[],"class_list":["post-1896","post","type-post","status-publish","format-standard","has-post-thumbnail","hentry","category-allgemein"],"_links":{"self":[{"href":"https:\/\/schwabenhilfe.de\/kinder\/wp-json\/wp\/v2\/posts\/1896","targetHints":{"allow":["GET"]}}],"collection":[{"href":"https:\/\/schwabenhilfe.de\/kinder\/wp-json\/wp\/v2\/posts"}],"about":[{"href":"https:\/\/schwabenhilfe.de\/kinder\/wp-json\/wp\/v2\/types\/post"}],"author":[{"embeddable":true,"href":"https:\/\/schwabenhilfe.de\/kinder\/wp-json\/wp\/v2\/users\/10"}],"replies":[{"embeddable":true,"href":"https:\/\/schwabenhilfe.de\/kinder\/wp-json\/wp\/v2\/comments?post=1896"}],"version-history":[{"count":3,"href":"https:\/\/schwabenhilfe.de\/kinder\/wp-json\/wp\/v2\/posts\/1896\/revisions"}],"predecessor-version":[{"id":1978,"href":"https:\/\/schwabenhilfe.de\/kinder\/wp-json\/wp\/v2\/posts\/1896\/revisions\/1978"}],"wp:featuredmedia":[{"embeddable":true,"href":"https:\/\/schwabenhilfe.de\/kinder\/wp-json\/wp\/v2\/media\/1897"}],"wp:attachment":[{"href":"https:\/\/schwabenhilfe.de\/kinder\/wp-json\/wp\/v2\/media?parent=1896"}],"wp:term":[{"taxonomy":"category","embeddable":true,"href":"https:\/\/schwabenhilfe.de\/kinder\/wp-json\/wp\/v2\/categories?post=1896"},{"taxonomy":"post_tag","embeddable":true,"href":"https:\/\/schwabenhilfe.de\/kinder\/wp-json\/wp\/v2\/tags?post=1896"}],"curies":[{"name":"wp","href":"https:\/\/api.w.org\/{rel}","templated":true}]}}