{"id":1817,"date":"2025-04-04T14:32:47","date_gmt":"2025-04-04T12:32:47","guid":{"rendered":"https:\/\/schwabenhilfe.de\/kinder\/?p=1817"},"modified":"2025-04-30T14:33:31","modified_gmt":"2025-04-30T12:33:31","slug":"simpertschule-wird-ackerschule-spende-von-roman-mayer-gmbh-dehner-gartencenter-und-man-energy-solutions-se","status":"publish","type":"post","link":"https:\/\/schwabenhilfe.de\/kinder\/simpertschule-wird-ackerschule-spende-von-roman-mayer-gmbh-dehner-gartencenter-und-man-energy-solutions-se\/","title":{"rendered":"Simpertschule wird AckerSchule &#8211; Spende von Roman Mayer GmbH, Dehner Gartencenter und MAN Energy Solutions SE"},"content":{"rendered":"\n<p><strong>Augsburg, April 2025<\/strong> \u2013 Mit viel Begeisterung, Erde an den H\u00e4nden und einem klaren Ziel vor Augen starteten die Sch\u00fclerinnen und Sch\u00fcler der Simpertschule in ein besonderes Gartenjahr: Im Rahmen des <strong>SchulAcker-Projekts<\/strong> wurden am <strong>4. April 2025<\/strong> feierlich sieben Hochbeete auf dem Schulgel\u00e4nde aufgestellt \u2013 rechtzeitig zum Sommerfest der Schule.<\/p>\n\n\n\n<p>Ein echtes Gemeinschaftswerk: Die Hochbeete wurden von den Unternehmen <strong>Roman Mayer GmbH<\/strong>, <strong>Dehner Gartencenter<\/strong> und <strong>MAN Energy Solutions SE<\/strong> gespendet.<\/p>\n\n\n\n<p>Am <strong>8. April<\/strong> begleitete dann das Team der <strong>Gem\u00fcseAckerdemie<\/strong> \u2013 speziell ausgebildete <strong>AckerCoaches<\/strong> \u2013 die Kinder beim Bepflanzen der Beete. Mit Feuereifer wurden die Beete bepflanzt. Das Projekt ist Teil der bundesweit etablierten <strong>AckerSchule<\/strong>, die Kindern nachhaltige Ern\u00e4hrung, Umweltwissen und Teamarbeit vermittelt.<\/p>\n\n\n\n<p><strong>Natur begreifen, Verantwortung \u00fcbernehmen<\/strong><\/p>\n\n\n\n<p>\u201eDie Kinder d\u00fcrfen sich als selbstwirksam erfahren und das soziale Miteinander wird auf nat\u00fcrliche, freudvolle Weise gef\u00f6rdert. Die Kinder erleben aktiv den Kreislauf der Natur &#8211; das Pflanzen, Keimen, Wachsen, Pflegen und Ernten von Selbergezogenem.\u201c erkl\u00e4rt Schulleiterin <strong>Gabriele Zehendner<\/strong>. Die Hochbeete bieten nicht nur Gem\u00fcse, sondern auch Lernstoff f\u00fcrs Leben.<\/p>\n\n\n\n<p><strong>Ausblick auf das Gartenjahr<\/strong><\/p>\n\n\n\n<p>Am <strong>11. April<\/strong> geht es weiter: In Kooperation mit dem <strong>Rotary Club Augsburg-Fuggerstadt<\/strong> wird die Pflanzfl\u00e4che um Obstb\u00e4ume und Beerenstr\u00e4ucher erweitert \u2013 ein nachhaltiges Gesamtkonzept, das noch lange Fr\u00fcchte tragen wird.<\/p>\n\n\n\n<figure class=\"wp-block-image size-large\"><img loading=\"lazy\" decoding=\"async\" width=\"2667\" height=\"2000\" src=\"https:\/\/schwabenhilfe.de\/kinder\/sh-data\/uploads\/IMG_0939-2667x2000.jpeg\" alt=\"\" class=\"wp-image-1818\" srcset=\"https:\/\/schwabenhilfe.de\/kinder\/sh-data\/uploads\/IMG_0939-2667x2000.jpeg 2667w, https:\/\/schwabenhilfe.de\/kinder\/sh-data\/uploads\/IMG_0939-1200x900.jpeg 1200w, https:\/\/schwabenhilfe.de\/kinder\/sh-data\/uploads\/IMG_0939-768x576.jpeg 768w, https:\/\/schwabenhilfe.de\/kinder\/sh-data\/uploads\/IMG_0939-1536x1152.jpeg 1536w, https:\/\/schwabenhilfe.de\/kinder\/sh-data\/uploads\/IMG_0939-2048x1536.jpeg 2048w\" sizes=\"auto, (max-width: 2667px) 100vw, 2667px\" \/><\/figure>\n","protected":false},"excerpt":{"rendered":"<p>Augsburg, April 2025 \u2013 Mit viel Begeisterung, Erde an den H\u00e4nden und einem klaren Ziel vor Augen starteten die Sch\u00fclerinnen und Sch\u00fcler der Simpertschule in ein besonderes Gartenjahr: Im Rahmen [&hellip;]<\/p>\n","protected":false},"author":10,"featured_media":1818,"comment_status":"closed","ping_status":"closed","sticky":false,"template":"","format":"standard","meta":{"footnotes":""},"categories":[1],"tags":[],"class_list":["post-1817","post","type-post","status-publish","format-standard","has-post-thumbnail","hentry","category-allgemein"],"_links":{"self":[{"href":"https:\/\/schwabenhilfe.de\/kinder\/wp-json\/wp\/v2\/posts\/1817","targetHints":{"allow":["GET"]}}],"collection":[{"href":"https:\/\/schwabenhilfe.de\/kinder\/wp-json\/wp\/v2\/posts"}],"about":[{"href":"https:\/\/schwabenhilfe.de\/kinder\/wp-json\/wp\/v2\/types\/post"}],"author":[{"embeddable":true,"href":"https:\/\/schwabenhilfe.de\/kinder\/wp-json\/wp\/v2\/users\/10"}],"replies":[{"embeddable":true,"href":"https:\/\/schwabenhilfe.de\/kinder\/wp-json\/wp\/v2\/comments?post=1817"}],"version-history":[{"count":2,"href":"https:\/\/schwabenhilfe.de\/kinder\/wp-json\/wp\/v2\/posts\/1817\/revisions"}],"predecessor-version":[{"id":1820,"href":"https:\/\/schwabenhilfe.de\/kinder\/wp-json\/wp\/v2\/posts\/1817\/revisions\/1820"}],"wp:featuredmedia":[{"embeddable":true,"href":"https:\/\/schwabenhilfe.de\/kinder\/wp-json\/wp\/v2\/media\/1818"}],"wp:attachment":[{"href":"https:\/\/schwabenhilfe.de\/kinder\/wp-json\/wp\/v2\/media?parent=1817"}],"wp:term":[{"taxonomy":"category","embeddable":true,"href":"https:\/\/schwabenhilfe.de\/kinder\/wp-json\/wp\/v2\/categories?post=1817"},{"taxonomy":"post_tag","embeddable":true,"href":"https:\/\/schwabenhilfe.de\/kinder\/wp-json\/wp\/v2\/tags?post=1817"}],"curies":[{"name":"wp","href":"https:\/\/api.w.org\/{rel}","templated":true}]}}