{"id":1787,"date":"2024-09-09T10:42:00","date_gmt":"2024-09-09T08:42:00","guid":{"rendered":"https:\/\/schwabenhilfe.de\/kinder\/?p=1787"},"modified":"2025-04-03T11:05:24","modified_gmt":"2025-04-03T09:05:24","slug":"neue-raeumlichkeiten-fuer-die-schulvorbereitende-einrichtung-sve-in-baldingen","status":"publish","type":"post","link":"https:\/\/schwabenhilfe.de\/kinder\/neue-raeumlichkeiten-fuer-die-schulvorbereitende-einrichtung-sve-in-baldingen\/","title":{"rendered":"Neue R\u00e4umlichkeiten f\u00fcr die Schulvorbereitende Einrichtung (SVE) in Baldingen"},"content":{"rendered":"\n<p>Nach \u00fcber 20 Jahren in Alerheim hat unsere Schulvorbereitende Einrichtung (SVE) nun ein neues Zuhause gefunden. Der Umzug nach Baldingen war notwendig, da die bisherigen R\u00e4ume in der Schule Alerheim aufgrund von Eigenbedarf nicht weiter genutzt werden konnten. Gl\u00fccklicherweise wurde schnell eine passende Immobilie gefunden, die mit viel Engagement in eine kindgerechte Umgebung umgestaltet wurde.<\/p>\n\n\n\n<h2 class=\"wp-block-heading\"><strong>Moderne und durchdachte R\u00e4ume f\u00fcr unsere Kinder<\/strong><\/h2>\n\n\n\n<p>Das neue Geb\u00e4ude, ein ehemaliges Firmengeb\u00e4ude, wurde umfassend renoviert und speziell an die Bed\u00fcrfnisse der Kinder angepasst. Die \u201eHausmanufaktur etc.pepe\u201c unter der Leitung von Martin Stumpf \u00fcbernahm den Umbau und schuf helle, freundliche R\u00e4ume, die sowohl Sicherheit als auch gen\u00fcgend Freiraum f\u00fcr Bewegung bieten.<\/p>\n\n\n\n<p>Besonders wichtig war die M\u00f6glichkeit, die R\u00e4ume flexibel zu gestalten. W\u00e4hrend die Klassenzimmer in Alerheim gr\u00f6\u00dfer waren, bietet der neue Standort eine bessere Strukturierung und individuelle Lernbereiche. Ein gro\u00dfer Rhythmusraum sorgt daf\u00fcr, dass Bewegung in den Lernalltag integriert werden kann, und spezielle R\u00fcckzugsr\u00e4ume erm\u00f6glichen eine gezielte F\u00f6rderung.<\/p>\n\n\n\n<h2 class=\"wp-block-heading\"><strong>Warum der neue Standort ein Gewinn ist<\/strong><\/h2>\n\n\n\n<p>Die Entscheidung f\u00fcr Baldingen war nicht nur eine pragmatische, sondern auch eine p\u00e4dagogisch sinnvolle Wahl. Unsere Schulleitung und das heilp\u00e4dagogische Fachpersonal sehen in den neuen R\u00e4umlichkeiten viele Vorteile:<\/p>\n\n\n\n<p>\u2705 <strong>Bessere Raumaufteilung:<\/strong> Klare Strukturen helfen den Kindern, sich zu orientieren und den Alltag leichter zu bew\u00e4ltigen.<br>\u2705 <strong>F\u00f6rderung durch Bewegung:<\/strong> Ein eigener Bereich f\u00fcr Bewegungspausen sorgt f\u00fcr eine bessere Konzentration.<br>\u2705 <strong>Mehr Geborgenheit:<\/strong> Die neuen R\u00e4ume sind so gestaltet, dass sie den Kindern Sicherheit und ein angenehmes Lernumfeld bieten.<\/p>\n\n\n\n<p>Schuldirektor Oliver Zelz von der Regierung Schwaben betont, dass die hohe \u00dcbertrittsquote der SVE-Kinder in weiterf\u00fchrende Schulen den Erfolg der Einrichtung best\u00e4tigt. Auch unsere Gesch\u00e4ftsf\u00fchrerin Claudia Wagner zeigt sich erfreut \u00fcber das gelungene Projekt und die positiven R\u00fcckmeldungen.<\/p>\n\n\n\n<h2 class=\"wp-block-heading\"><strong>Danke an alle Beteiligten<\/strong><\/h2>\n\n\n\n<p>Ein Umzug ist immer eine Herausforderung, besonders wenn es um die Bed\u00fcrfnisse von Kindern geht. Wir danken allen, die an diesem Projekt beteiligt waren \u2013 von der Schulleitung \u00fcber das p\u00e4dagogische Team bis hin zu den Handwerkern, die diese R\u00e4umlichkeiten in einen Ort der Entwicklung und Geborgenheit verwandelt haben.<\/p>\n\n\n\n<p>Wir freuen uns darauf, die Kinder in ihrer neuen Umgebung willkommen zu hei\u00dfen und ihnen die bestm\u00f6gliche F\u00f6rderung zu bieten!<\/p>\n","protected":false},"excerpt":{"rendered":"<p>Nach \u00fcber 20 Jahren in Alerheim hat unsere Schulvorbereitende Einrichtung (SVE) nun ein neues Zuhause gefunden. Der Umzug nach Baldingen war notwendig, da die bisherigen R\u00e4ume in der Schule Alerheim [&hellip;]<\/p>\n","protected":false},"author":10,"featured_media":1789,"comment_status":"closed","ping_status":"closed","sticky":false,"template":"","format":"standard","meta":{"footnotes":""},"categories":[1],"tags":[],"class_list":["post-1787","post","type-post","status-publish","format-standard","has-post-thumbnail","hentry","category-allgemein"],"_links":{"self":[{"href":"https:\/\/schwabenhilfe.de\/kinder\/wp-json\/wp\/v2\/posts\/1787","targetHints":{"allow":["GET"]}}],"collection":[{"href":"https:\/\/schwabenhilfe.de\/kinder\/wp-json\/wp\/v2\/posts"}],"about":[{"href":"https:\/\/schwabenhilfe.de\/kinder\/wp-json\/wp\/v2\/types\/post"}],"author":[{"embeddable":true,"href":"https:\/\/schwabenhilfe.de\/kinder\/wp-json\/wp\/v2\/users\/10"}],"replies":[{"embeddable":true,"href":"https:\/\/schwabenhilfe.de\/kinder\/wp-json\/wp\/v2\/comments?post=1787"}],"version-history":[{"count":1,"href":"https:\/\/schwabenhilfe.de\/kinder\/wp-json\/wp\/v2\/posts\/1787\/revisions"}],"predecessor-version":[{"id":1790,"href":"https:\/\/schwabenhilfe.de\/kinder\/wp-json\/wp\/v2\/posts\/1787\/revisions\/1790"}],"wp:featuredmedia":[{"embeddable":true,"href":"https:\/\/schwabenhilfe.de\/kinder\/wp-json\/wp\/v2\/media\/1789"}],"wp:attachment":[{"href":"https:\/\/schwabenhilfe.de\/kinder\/wp-json\/wp\/v2\/media?parent=1787"}],"wp:term":[{"taxonomy":"category","embeddable":true,"href":"https:\/\/schwabenhilfe.de\/kinder\/wp-json\/wp\/v2\/categories?post=1787"},{"taxonomy":"post_tag","embeddable":true,"href":"https:\/\/schwabenhilfe.de\/kinder\/wp-json\/wp\/v2\/tags?post=1787"}],"curies":[{"name":"wp","href":"https:\/\/api.w.org\/{rel}","templated":true}]}}