{"id":1777,"date":"2025-03-18T10:27:00","date_gmt":"2025-03-18T09:27:00","guid":{"rendered":"https:\/\/schwabenhilfe.de\/kinder\/?p=1777"},"modified":"2025-04-03T10:34:19","modified_gmt":"2025-04-03T08:34:19","slug":"eine-spende-mit-herz-fusspflegerin-unterstuetzt-soziale-projekte","status":"publish","type":"post","link":"https:\/\/schwabenhilfe.de\/kinder\/eine-spende-mit-herz-fusspflegerin-unterstuetzt-soziale-projekte\/","title":{"rendered":"Eine Spende und Apfelsaft f\u00fcr die SVE Baldingen"},"content":{"rendered":"\n<figure class=\"wp-block-image size-full\"><img loading=\"lazy\" decoding=\"async\" width=\"1259\" height=\"720\" src=\"https:\/\/schwabenhilfe.de\/kinder\/sh-data\/uploads\/Bachmann-Bild-18.03.2025.png\" alt=\"\" class=\"wp-image-1780\" srcset=\"https:\/\/schwabenhilfe.de\/kinder\/sh-data\/uploads\/Bachmann-Bild-18.03.2025.png 1259w, https:\/\/schwabenhilfe.de\/kinder\/sh-data\/uploads\/Bachmann-Bild-18.03.2025-1200x686.png 1200w, https:\/\/schwabenhilfe.de\/kinder\/sh-data\/uploads\/Bachmann-Bild-18.03.2025-768x439.png 768w\" sizes=\"auto, (max-width: 1259px) 100vw, 1259px\" \/><\/figure>\n\n\n\n<p>Die Fu\u00dfpflegerin Gerda Bachmann aus Alerheim zeigt, wie aus kleinen Gesten gro\u00dfe Unterst\u00fctzung wird. Statt Trinkgeld bittet sie ihre Kundinnen und Kunden um Spenden f\u00fcr soziale Zwecke \u2013 eine Tradition, die sich auch dieses Jahr bew\u00e4hrt hat. Dank dieser Initiative kamen 1600 Euro zusammen, die sie an zwei Organisationen \u00fcbergab:<\/p>\n\n\n\n<ul class=\"wp-block-list\">\n<li><strong>1000 Euro gingen an die \u201eHelfenden H\u00e4nde Mittleres Ries\u201c<\/strong>, die Nachbarschaftshilfe der Gemeinden Alerheim, Wechingen und Deiningen.<\/li>\n\n\n\n<li><strong>600 Euro erhielt die Schulvorbereitende Einrichtung (SVE) der Schwabenhilfe f\u00fcr Kinder in Wechingen<\/strong>, um wichtige Anschaffungen zu erm\u00f6glichen, die sonst finanziell schwer realisierbar w\u00e4ren.<\/li>\n<\/ul>\n\n\n\n<p>Als Dankesch\u00f6n \u00fcberraschten die Kinder der SVE Gerda Bachmann mit selbstgebackenen Pl\u00e4tzchen in \u201eFu\u00dfform\u201c und einem Blumengru\u00df. Doch auch die \u201eHelfenden H\u00e4nde\u201c hatten eine \u00dcberraschung f\u00fcr die SVE parat: Sie sammelten \u00c4pfel einer Alerheimer B\u00fcrgerin und pressten daraus 300 Liter Apfelsaft \u2013 eine wertvolle Naturalspende f\u00fcr das Vorschuljahr der Kinder.<\/p>\n\n\n\n<p>Ein wunderbares Beispiel daf\u00fcr, wie ehrenamtliches Engagement und Zusammenhalt das Leben vieler bereichern k\u00f6nnen!<\/p>\n\n\n\n<p><\/p>\n","protected":false},"excerpt":{"rendered":"<p>Fu\u00dfpflegerin Gerda Bachmann aus Alerheim zeigt, wie aus kleinen Gesten gro\u00dfe Unterst\u00fctzung wird.                     Die &#8222;Helfenden H\u00e4nde&#8220; spenden selbstgemachten Apfelsaft.<\/p>\n","protected":false},"author":10,"featured_media":1780,"comment_status":"closed","ping_status":"closed","sticky":false,"template":"","format":"standard","meta":{"footnotes":""},"categories":[1],"tags":[],"class_list":["post-1777","post","type-post","status-publish","format-standard","has-post-thumbnail","hentry","category-allgemein"],"_links":{"self":[{"href":"https:\/\/schwabenhilfe.de\/kinder\/wp-json\/wp\/v2\/posts\/1777","targetHints":{"allow":["GET"]}}],"collection":[{"href":"https:\/\/schwabenhilfe.de\/kinder\/wp-json\/wp\/v2\/posts"}],"about":[{"href":"https:\/\/schwabenhilfe.de\/kinder\/wp-json\/wp\/v2\/types\/post"}],"author":[{"embeddable":true,"href":"https:\/\/schwabenhilfe.de\/kinder\/wp-json\/wp\/v2\/users\/10"}],"replies":[{"embeddable":true,"href":"https:\/\/schwabenhilfe.de\/kinder\/wp-json\/wp\/v2\/comments?post=1777"}],"version-history":[{"count":5,"href":"https:\/\/schwabenhilfe.de\/kinder\/wp-json\/wp\/v2\/posts\/1777\/revisions"}],"predecessor-version":[{"id":1786,"href":"https:\/\/schwabenhilfe.de\/kinder\/wp-json\/wp\/v2\/posts\/1777\/revisions\/1786"}],"wp:featuredmedia":[{"embeddable":true,"href":"https:\/\/schwabenhilfe.de\/kinder\/wp-json\/wp\/v2\/media\/1780"}],"wp:attachment":[{"href":"https:\/\/schwabenhilfe.de\/kinder\/wp-json\/wp\/v2\/media?parent=1777"}],"wp:term":[{"taxonomy":"category","embeddable":true,"href":"https:\/\/schwabenhilfe.de\/kinder\/wp-json\/wp\/v2\/categories?post=1777"},{"taxonomy":"post_tag","embeddable":true,"href":"https:\/\/schwabenhilfe.de\/kinder\/wp-json\/wp\/v2\/tags?post=1777"}],"curies":[{"name":"wp","href":"https:\/\/api.w.org\/{rel}","templated":true}]}}