{"id":1756,"date":"2025-04-02T13:47:45","date_gmt":"2025-04-02T11:47:45","guid":{"rendered":"https:\/\/schwabenhilfe.de\/kinder\/?p=1756"},"modified":"2025-04-03T09:54:08","modified_gmt":"2025-04-03T07:54:08","slug":"spuelen-ade-vr-bank-neu-ulm-spendet-neue-geschirrspuelmaschine-fuer-die-sve-neu-ulm","status":"publish","type":"post","link":"https:\/\/schwabenhilfe.de\/kinder\/spuelen-ade-vr-bank-neu-ulm-spendet-neue-geschirrspuelmaschine-fuer-die-sve-neu-ulm\/","title":{"rendered":"\u2013 VR-Bank Neu-Ulm spendet &#8211;"},"content":{"rendered":"\n<h2 class=\"wp-block-heading\">Sp\u00fclen ade \u2013 Neue Geschirrsp\u00fclmaschine f\u00fcr die SVE Neu-Ulm!<\/h2>\n\n\n\n<figure class=\"wp-block-image size-large\"><img loading=\"lazy\" decoding=\"async\" width=\"1500\" height=\"2000\" src=\"https:\/\/schwabenhilfe.de\/kinder\/sh-data\/uploads\/Geschirrspuelmaschine-VR-Bank-Neu-Ulm-1500x2000.jpg\" alt=\"\" class=\"wp-image-1757\" srcset=\"https:\/\/schwabenhilfe.de\/kinder\/sh-data\/uploads\/Geschirrspuelmaschine-VR-Bank-Neu-Ulm-1500x2000.jpg 1500w, https:\/\/schwabenhilfe.de\/kinder\/sh-data\/uploads\/Geschirrspuelmaschine-VR-Bank-Neu-Ulm-750x1000.jpg 750w, https:\/\/schwabenhilfe.de\/kinder\/sh-data\/uploads\/Geschirrspuelmaschine-VR-Bank-Neu-Ulm-768x1024.jpg 768w, https:\/\/schwabenhilfe.de\/kinder\/sh-data\/uploads\/Geschirrspuelmaschine-VR-Bank-Neu-Ulm-1152x1536.jpg 1152w, https:\/\/schwabenhilfe.de\/kinder\/sh-data\/uploads\/Geschirrspuelmaschine-VR-Bank-Neu-Ulm-1536x2048.jpg 1536w, https:\/\/schwabenhilfe.de\/kinder\/sh-data\/uploads\/Geschirrspuelmaschine-VR-Bank-Neu-Ulm-scaled.jpg 1920w\" sizes=\"auto, (max-width: 1500px) 100vw, 1500px\" \/><\/figure>\n\n\n\n<p>Gro\u00dfe Freude an der Schulvorbereitenden Einrichtung (SVE) Neu-Ulm: Dank einer gro\u00dfz\u00fcgigen Spende der VR-Bank Neu-Ulm eG konnte im M\u00e4rz 2025 eine neue Geschirrsp\u00fclmaschine angeschafft werden. Nun ist sie endlich eingebaut und bereit f\u00fcr den t\u00e4glichen Einsatz!<\/p>\n\n\n\n<p>F\u00fcr das Team der SVE bedeutet das eine enorme Erleichterung im Alltag. Anstatt Zeit mit dem Abwasch zu verbringen, k\u00f6nnen sich die Mitarbeiterinnen und Mitarbeiter nun noch intensiver um die Kinder k\u00fcmmern \u2013 genau dort, wo ihre Zeit am wertvollsten ist.<\/p>\n\n\n\n<p>Ein herzliches Dankesch\u00f6n an die VR-Bank Neu-Ulm eG f\u00fcr diese wertvolle Unterst\u00fctzung! Mit kleinen Verbesserungen wie dieser wird der Alltag in der SVE noch sch\u00f6ner \u2013 und die Kinder profitieren am meisten davon.<\/p>\n","protected":false},"excerpt":{"rendered":"<p>Sp\u00fclen ade &#8211; Neu Geschirrsp\u00fclmaschine f\u00fcr die SVE Neu-Ulm!<\/p>\n","protected":false},"author":10,"featured_media":1757,"comment_status":"closed","ping_status":"closed","sticky":false,"template":"","format":"standard","meta":{"footnotes":""},"categories":[4,1],"tags":[],"class_list":["post-1756","post","type-post","status-publish","format-standard","has-post-thumbnail","hentry","category-aktuelles","category-allgemein"],"_links":{"self":[{"href":"https:\/\/schwabenhilfe.de\/kinder\/wp-json\/wp\/v2\/posts\/1756","targetHints":{"allow":["GET"]}}],"collection":[{"href":"https:\/\/schwabenhilfe.de\/kinder\/wp-json\/wp\/v2\/posts"}],"about":[{"href":"https:\/\/schwabenhilfe.de\/kinder\/wp-json\/wp\/v2\/types\/post"}],"author":[{"embeddable":true,"href":"https:\/\/schwabenhilfe.de\/kinder\/wp-json\/wp\/v2\/users\/10"}],"replies":[{"embeddable":true,"href":"https:\/\/schwabenhilfe.de\/kinder\/wp-json\/wp\/v2\/comments?post=1756"}],"version-history":[{"count":12,"href":"https:\/\/schwabenhilfe.de\/kinder\/wp-json\/wp\/v2\/posts\/1756\/revisions"}],"predecessor-version":[{"id":1776,"href":"https:\/\/schwabenhilfe.de\/kinder\/wp-json\/wp\/v2\/posts\/1756\/revisions\/1776"}],"wp:featuredmedia":[{"embeddable":true,"href":"https:\/\/schwabenhilfe.de\/kinder\/wp-json\/wp\/v2\/media\/1757"}],"wp:attachment":[{"href":"https:\/\/schwabenhilfe.de\/kinder\/wp-json\/wp\/v2\/media?parent=1756"}],"wp:term":[{"taxonomy":"category","embeddable":true,"href":"https:\/\/schwabenhilfe.de\/kinder\/wp-json\/wp\/v2\/categories?post=1756"},{"taxonomy":"post_tag","embeddable":true,"href":"https:\/\/schwabenhilfe.de\/kinder\/wp-json\/wp\/v2\/tags?post=1756"}],"curies":[{"name":"wp","href":"https:\/\/api.w.org\/{rel}","templated":true}]}}