{"id":1727,"date":"2025-03-20T12:39:52","date_gmt":"2025-03-20T11:39:52","guid":{"rendered":"https:\/\/schwabenhilfe.de\/kinder\/?p=1727"},"modified":"2025-03-20T12:46:40","modified_gmt":"2025-03-20T11:46:40","slug":"besuch-der-sve-wechingen-bei-der-feuerwehr-ein-spannender-blaulichttag","status":"publish","type":"post","link":"https:\/\/schwabenhilfe.de\/kinder\/besuch-der-sve-wechingen-bei-der-feuerwehr-ein-spannender-blaulichttag\/","title":{"rendered":"SVE Wechingen besucht die Feuerwehr"},"content":{"rendered":"\n<figure class=\"wp-block-image size-full\"><img loading=\"lazy\" decoding=\"async\" width=\"485\" height=\"650\" src=\"https:\/\/schwabenhilfe.de\/kinder\/sh-data\/uploads\/Feuerwehrauto-20.03.2025.png\" alt=\"\" class=\"wp-image-1728\"\/><\/figure>\n\n\n\n<h2 class=\"wp-block-heading\">Besuch der SVE Wechingen bei der Feuerwehr:<\/h2>\n\n\n\n<h3 class=\"wp-block-heading\">Ein spannender Blaulichttag<\/h3>\n\n\n\n<div style=\"height:17px\" aria-hidden=\"true\" class=\"wp-block-spacer\"><\/div>\n\n\n\n<p>Ende Februar 2025 erlebten die Kinder der SVE Wechingen einen besonderen Tag bei der \u00f6rtlichen Feuerwehr. Im Rahmen der Blaulichttage hatten die Kinder die M\u00f6glichkeit, einen tiefen Einblick in die Arbeit der Feuerwehr zu erhalten. Unter der geduldigen Anleitung von Herrn Riefle, dem Feuerwehrkommandanten, erkundeten sie das Feuerwehrfahrzeug und die dazugeh\u00f6rige Ausr\u00fcstung.<\/p>\n\n\n\n<p>Mit gro\u00dfer Begeisterung begutachteten die Kinder jedes Detail. Herr Riefle erkl\u00e4rte ihnen anschaulich die verschiedenen Utensilien und deren Einsatzm\u00f6glichkeiten. Es war beeindruckend zu sehen, wie neugierig und aufmerksam die kleinen Besucher waren \u2013 ein Zeichen daf\u00fcr, wie sehr sie von der Arbeit der Feuerwehr fasziniert waren.<\/p>\n\n\n\n<figure class=\"wp-block-image size-full\"><img loading=\"lazy\" decoding=\"async\" width=\"443\" height=\"285\" src=\"https:\/\/schwabenhilfe.de\/kinder\/sh-data\/uploads\/Kuchen-Feuerwehrauto-20.03.2025.png\" alt=\"\" class=\"wp-image-1729\"\/><\/figure>\n","protected":false},"excerpt":{"rendered":"<p>Besuch der SVE Wechingen bei der Feuerwehr: Ein spannender Blaulichttag Ende Februar 2025 erlebten die Kinder der SVE Wechingen einen besonderen Tag bei der \u00f6rtlichen Feuerwehr. Im Rahmen der Blaulichttage [&hellip;]<\/p>\n","protected":false},"author":10,"featured_media":1728,"comment_status":"closed","ping_status":"closed","sticky":false,"template":"","format":"standard","meta":{"footnotes":""},"categories":[1],"tags":[],"class_list":["post-1727","post","type-post","status-publish","format-standard","has-post-thumbnail","hentry","category-allgemein"],"_links":{"self":[{"href":"https:\/\/schwabenhilfe.de\/kinder\/wp-json\/wp\/v2\/posts\/1727","targetHints":{"allow":["GET"]}}],"collection":[{"href":"https:\/\/schwabenhilfe.de\/kinder\/wp-json\/wp\/v2\/posts"}],"about":[{"href":"https:\/\/schwabenhilfe.de\/kinder\/wp-json\/wp\/v2\/types\/post"}],"author":[{"embeddable":true,"href":"https:\/\/schwabenhilfe.de\/kinder\/wp-json\/wp\/v2\/users\/10"}],"replies":[{"embeddable":true,"href":"https:\/\/schwabenhilfe.de\/kinder\/wp-json\/wp\/v2\/comments?post=1727"}],"version-history":[{"count":4,"href":"https:\/\/schwabenhilfe.de\/kinder\/wp-json\/wp\/v2\/posts\/1727\/revisions"}],"predecessor-version":[{"id":1735,"href":"https:\/\/schwabenhilfe.de\/kinder\/wp-json\/wp\/v2\/posts\/1727\/revisions\/1735"}],"wp:featuredmedia":[{"embeddable":true,"href":"https:\/\/schwabenhilfe.de\/kinder\/wp-json\/wp\/v2\/media\/1728"}],"wp:attachment":[{"href":"https:\/\/schwabenhilfe.de\/kinder\/wp-json\/wp\/v2\/media?parent=1727"}],"wp:term":[{"taxonomy":"category","embeddable":true,"href":"https:\/\/schwabenhilfe.de\/kinder\/wp-json\/wp\/v2\/categories?post=1727"},{"taxonomy":"post_tag","embeddable":true,"href":"https:\/\/schwabenhilfe.de\/kinder\/wp-json\/wp\/v2\/tags?post=1727"}],"curies":[{"name":"wp","href":"https:\/\/api.w.org\/{rel}","templated":true}]}}