{"id":1711,"date":"2024-07-11T10:58:00","date_gmt":"2024-07-11T08:58:00","guid":{"rendered":"https:\/\/schwabenhilfe.de\/kinder\/?p=1711"},"modified":"2025-02-11T11:03:45","modified_gmt":"2025-02-11T10:03:45","slug":"schiele-wird-vorsitzender-der-schwabenhilfe-fuer-kinder","status":"publish","type":"post","link":"https:\/\/schwabenhilfe.de\/kinder\/schiele-wird-vorsitzender-der-schwabenhilfe-fuer-kinder\/","title":{"rendered":"Schiele wird Vorsitzender der Schwabenhilfe f\u00fcr Kinder"},"content":{"rendered":"\n<p>Augsburg. Der Donau-Rieser Bezirksrat Peter Schiele hat in seiner Eigenschaft als Bezirkstagsvizepr\u00e4sident eine zus\u00e4tzliche Aufgabe \u00fcbernommen. Er wurde k\u00fcrzlich zum neuen Vorsitzenden der Schwabenhilfe f\u00fcr Kinder e.V. gew\u00e4hlt<\/p>\n\n\n\n<p>Die Schwabenhilfe f\u00fcr Kinder geh\u00f6rt zu den gro\u00dfen Einrichtungen zur sonderp\u00e4dagogischen F\u00f6rderung von Vorschulkindern und Schulkindern in Schwaben. Sie erreicht mit ihrer Arbeit mehr als 1.400 Kinder im gesamten Regierungsbezirk. \u00dcber dreihundert Mitarbeiterinnen und Mitarbeiter arbeiten mit den Kindern vor Ort und in der zentralen Verwaltung. Der Verein betreibt auch im Landkreis Donau-Ries schulvorbereitende Einrichtungen in Alerheim, Wechingen, Wemding und Donauw\u00f6rth-Zirgesheim.<\/p>\n\n\n\n<p>Mitglieder des gemeinn\u00fctzigen eingetragenen Vereins sind der Bezirk Schwaben, Landkreise und kreisfreie St\u00e4dte, einzelne Gebietsk\u00f6rperschaften, soziale Institutionen sowie einige Privatpersonen.<\/p>\n\n\n\n<p>Schiele folgt in diesem Amt Bezirksrat Alfons Weber aus Markt Rettenbach nach, der nach 15 Jahren an der Spitze des Vereins nicht mehr antrat.<\/p>\n\n\n\n<p>Auch Landrat Stefan R\u00f6\u00dfle ist seit einigen Jahren&nbsp; Mitglied der Vorstandschaft des Vereins Schwabenhilfe f\u00fcr Kinder und wurde jetzt im Amt best\u00e4tigt.<\/p>\n\n\n\n<p><\/p>\n","protected":false},"excerpt":{"rendered":"<p>Augsburg. Der Donau-Rieser Bezirksrat Peter Schiele hat in seiner Eigenschaft als Bezirkstagsvizepr\u00e4sident eine zus\u00e4tzliche Aufgabe \u00fcbernommen. Er wurde k\u00fcrzlich zum neuen Vorsitzenden der Schwabenhilfe f\u00fcr Kinder e.V. gew\u00e4hlt Die Schwabenhilfe [&hellip;]<\/p>\n","protected":false},"author":10,"featured_media":0,"comment_status":"closed","ping_status":"closed","sticky":false,"template":"","format":"standard","meta":{"footnotes":""},"categories":[1],"tags":[],"class_list":["post-1711","post","type-post","status-publish","format-standard","hentry","category-allgemein"],"_links":{"self":[{"href":"https:\/\/schwabenhilfe.de\/kinder\/wp-json\/wp\/v2\/posts\/1711","targetHints":{"allow":["GET"]}}],"collection":[{"href":"https:\/\/schwabenhilfe.de\/kinder\/wp-json\/wp\/v2\/posts"}],"about":[{"href":"https:\/\/schwabenhilfe.de\/kinder\/wp-json\/wp\/v2\/types\/post"}],"author":[{"embeddable":true,"href":"https:\/\/schwabenhilfe.de\/kinder\/wp-json\/wp\/v2\/users\/10"}],"replies":[{"embeddable":true,"href":"https:\/\/schwabenhilfe.de\/kinder\/wp-json\/wp\/v2\/comments?post=1711"}],"version-history":[{"count":2,"href":"https:\/\/schwabenhilfe.de\/kinder\/wp-json\/wp\/v2\/posts\/1711\/revisions"}],"predecessor-version":[{"id":1713,"href":"https:\/\/schwabenhilfe.de\/kinder\/wp-json\/wp\/v2\/posts\/1711\/revisions\/1713"}],"wp:attachment":[{"href":"https:\/\/schwabenhilfe.de\/kinder\/wp-json\/wp\/v2\/media?parent=1711"}],"wp:term":[{"taxonomy":"category","embeddable":true,"href":"https:\/\/schwabenhilfe.de\/kinder\/wp-json\/wp\/v2\/categories?post=1711"},{"taxonomy":"post_tag","embeddable":true,"href":"https:\/\/schwabenhilfe.de\/kinder\/wp-json\/wp\/v2\/tags?post=1711"}],"curies":[{"name":"wp","href":"https:\/\/api.w.org\/{rel}","templated":true}]}}