{"id":1637,"date":"2024-11-13T15:27:05","date_gmt":"2024-11-13T14:27:05","guid":{"rendered":"https:\/\/schwabenhilfe.de\/kinder\/?p=1637"},"modified":"2024-11-13T15:27:08","modified_gmt":"2024-11-13T14:27:08","slug":"wir-feiern-st-martin","status":"publish","type":"post","link":"https:\/\/schwabenhilfe.de\/kinder\/wir-feiern-st-martin\/","title":{"rendered":"Wir feiern St. Martin"},"content":{"rendered":"\n<p>Wie jedes Jahr ist das Martinsfest ein wichtiges Ereignis in unseren SVEs. Wir erinnern uns an diesem Tag an die Geschichte des heiligen Martin, der seinen Mantel mit einem frierenden Bettler geteilt hat.<\/p>\n\n\n\n<p>Unsere SVE in Sonthofen hat aus diesem Anlass gro\u00dfe Martinsschauk\u00e4sten gebastelt, die sogar beleuchtet sind und Schnee haben. Eine wundersch\u00f6ne Art dieses Fest zu feiern!<\/p>\n\n\n\n<figure class=\"wp-block-image size-large\"><img loading=\"lazy\" decoding=\"async\" width=\"2667\" height=\"2000\" src=\"https:\/\/schwabenhilfe.de\/kinder\/sh-data\/uploads\/IMG_4577-2667x2000.jpg\" alt=\"\" class=\"wp-image-1638\" srcset=\"https:\/\/schwabenhilfe.de\/kinder\/sh-data\/uploads\/IMG_4577-2667x2000.jpg 2667w, https:\/\/schwabenhilfe.de\/kinder\/sh-data\/uploads\/IMG_4577-1200x900.jpg 1200w, https:\/\/schwabenhilfe.de\/kinder\/sh-data\/uploads\/IMG_4577-768x576.jpg 768w, https:\/\/schwabenhilfe.de\/kinder\/sh-data\/uploads\/IMG_4577-1536x1152.jpg 1536w, https:\/\/schwabenhilfe.de\/kinder\/sh-data\/uploads\/IMG_4577-2048x1536.jpg 2048w\" sizes=\"auto, (max-width: 2667px) 100vw, 2667px\" \/><\/figure>\n\n\n\n<p><\/p>\n","protected":false},"excerpt":{"rendered":"<p>Wie jedes Jahr ist das Martinsfest ein wichtiges Ereignis in unseren SVEs. Wir erinnern uns an diesem Tag an die Geschichte des heiligen Martin, der seinen Mantel mit einem frierenden [&hellip;]<\/p>\n","protected":false},"author":10,"featured_media":1638,"comment_status":"closed","ping_status":"closed","sticky":false,"template":"","format":"standard","meta":{"footnotes":""},"categories":[1],"tags":[],"class_list":["post-1637","post","type-post","status-publish","format-standard","has-post-thumbnail","hentry","category-allgemein"],"_links":{"self":[{"href":"https:\/\/schwabenhilfe.de\/kinder\/wp-json\/wp\/v2\/posts\/1637","targetHints":{"allow":["GET"]}}],"collection":[{"href":"https:\/\/schwabenhilfe.de\/kinder\/wp-json\/wp\/v2\/posts"}],"about":[{"href":"https:\/\/schwabenhilfe.de\/kinder\/wp-json\/wp\/v2\/types\/post"}],"author":[{"embeddable":true,"href":"https:\/\/schwabenhilfe.de\/kinder\/wp-json\/wp\/v2\/users\/10"}],"replies":[{"embeddable":true,"href":"https:\/\/schwabenhilfe.de\/kinder\/wp-json\/wp\/v2\/comments?post=1637"}],"version-history":[{"count":3,"href":"https:\/\/schwabenhilfe.de\/kinder\/wp-json\/wp\/v2\/posts\/1637\/revisions"}],"predecessor-version":[{"id":1641,"href":"https:\/\/schwabenhilfe.de\/kinder\/wp-json\/wp\/v2\/posts\/1637\/revisions\/1641"}],"wp:featuredmedia":[{"embeddable":true,"href":"https:\/\/schwabenhilfe.de\/kinder\/wp-json\/wp\/v2\/media\/1638"}],"wp:attachment":[{"href":"https:\/\/schwabenhilfe.de\/kinder\/wp-json\/wp\/v2\/media?parent=1637"}],"wp:term":[{"taxonomy":"category","embeddable":true,"href":"https:\/\/schwabenhilfe.de\/kinder\/wp-json\/wp\/v2\/categories?post=1637"},{"taxonomy":"post_tag","embeddable":true,"href":"https:\/\/schwabenhilfe.de\/kinder\/wp-json\/wp\/v2\/tags?post=1637"}],"curies":[{"name":"wp","href":"https:\/\/api.w.org\/{rel}","templated":true}]}}