{"id":1622,"date":"2024-11-13T11:26:49","date_gmt":"2024-11-13T10:26:49","guid":{"rendered":"https:\/\/schwabenhilfe.de\/kinder\/?p=1622"},"modified":"2024-11-13T15:47:25","modified_gmt":"2024-11-13T14:47:25","slug":"dank-individueller-auf-die-kinder-zugeschnittene-foerdermassnahmen-erreichten-wir-eine-sehr-gute-uebertrittsquote-der-sve-kinder-in-die-regelschule","status":"publish","type":"post","link":"https:\/\/schwabenhilfe.de\/kinder\/dank-individueller-auf-die-kinder-zugeschnittene-foerdermassnahmen-erreichten-wir-eine-sehr-gute-uebertrittsquote-der-sve-kinder-in-die-regelschule\/","title":{"rendered":"Erfreuliche 61% \u00dcbertrittsquote f\u00fcr unsere SVE-Kinder an die Regelschule im Schuljahr 24\/25"},"content":{"rendered":"\n<h3 class=\"wp-block-heading\">Dank individueller, auf die Kinder zugeschnittene, F\u00f6rderma\u00dfnahmen erreichten wir eine sehr gute \u00dcbertrittsquote der SVE-Kinder in die Regelschule.<\/h3>\n\n\n\n<p>Hierf\u00fcr auch ein Dankesch\u00f6n an alle unserer \u00fcber 200 Fachkr\u00e4fte, die in ganz Schwaben einen wichtigen Beitrag leisten. M\u00f6chtest auch du ein Teil unseres Teams werden? Dann schau doch mal auf die aktuellen <a href=\"https:\/\/schwabenhilfe.de\/kinder\/stellenangebote\/\">Stellenanzeigen<\/a>.<\/p>\n\n\n\n<p><strong>Darstellung der \u00dcbertritte in Prozent zu unseren 511 SVE Kinder im Schuljahr 2024\/2025<\/strong><\/p>\n\n\n\n<p><strong>61,45 %<\/strong> an Grundschulen, Koopklassen oder inklusive Klassen<\/p>\n\n\n\n<p><strong>32,09 %<\/strong> an Diagnose- und F\u00f6rderklassen (DFK) und St\u00fctz- und F\u00f6rderklassen (SFK)<\/p>\n\n\n\n<p><strong>6,46  %<\/strong> an sonstige Schulen<\/p>\n\n\n\n<figure class=\"wp-block-image size-full\"><img loading=\"lazy\" decoding=\"async\" width=\"740\" height=\"457\" src=\"https:\/\/schwabenhilfe.de\/kinder\/sh-data\/uploads\/Uebertritte-SVE-an-Schulen-2024.jpg\" alt=\"\" class=\"wp-image-1628\"\/><\/figure>\n\n\n\n<p><\/p>\n","protected":false},"excerpt":{"rendered":"<p>Dank individueller, auf die Kinder zugeschnittene, F\u00f6rderma\u00dfnahmen erreichten wir eine sehr gute \u00dcbertrittsquote der SVE-Kinder in die Regelschule. Hierf\u00fcr auch ein Dankesch\u00f6n an alle unserer \u00fcber 200 Fachkr\u00e4fte, die in [&hellip;]<\/p>\n","protected":false},"author":10,"featured_media":1632,"comment_status":"closed","ping_status":"closed","sticky":false,"template":"","format":"standard","meta":{"footnotes":""},"categories":[4],"tags":[],"class_list":["post-1622","post","type-post","status-publish","format-standard","has-post-thumbnail","hentry","category-aktuelles"],"_links":{"self":[{"href":"https:\/\/schwabenhilfe.de\/kinder\/wp-json\/wp\/v2\/posts\/1622","targetHints":{"allow":["GET"]}}],"collection":[{"href":"https:\/\/schwabenhilfe.de\/kinder\/wp-json\/wp\/v2\/posts"}],"about":[{"href":"https:\/\/schwabenhilfe.de\/kinder\/wp-json\/wp\/v2\/types\/post"}],"author":[{"embeddable":true,"href":"https:\/\/schwabenhilfe.de\/kinder\/wp-json\/wp\/v2\/users\/10"}],"replies":[{"embeddable":true,"href":"https:\/\/schwabenhilfe.de\/kinder\/wp-json\/wp\/v2\/comments?post=1622"}],"version-history":[{"count":4,"href":"https:\/\/schwabenhilfe.de\/kinder\/wp-json\/wp\/v2\/posts\/1622\/revisions"}],"predecessor-version":[{"id":1634,"href":"https:\/\/schwabenhilfe.de\/kinder\/wp-json\/wp\/v2\/posts\/1622\/revisions\/1634"}],"wp:featuredmedia":[{"embeddable":true,"href":"https:\/\/schwabenhilfe.de\/kinder\/wp-json\/wp\/v2\/media\/1632"}],"wp:attachment":[{"href":"https:\/\/schwabenhilfe.de\/kinder\/wp-json\/wp\/v2\/media?parent=1622"}],"wp:term":[{"taxonomy":"category","embeddable":true,"href":"https:\/\/schwabenhilfe.de\/kinder\/wp-json\/wp\/v2\/categories?post=1622"},{"taxonomy":"post_tag","embeddable":true,"href":"https:\/\/schwabenhilfe.de\/kinder\/wp-json\/wp\/v2\/tags?post=1622"}],"curies":[{"name":"wp","href":"https:\/\/api.w.org\/{rel}","templated":true}]}}